{"id":1453,"date":"2022-08-08T14:02:36","date_gmt":"2022-08-08T14:02:36","guid":{"rendered":"https:\/\/spatzenkutter.gob.ar\/?p=1453"},"modified":"2022-08-08T14:10:34","modified_gmt":"2022-08-08T14:10:34","slug":"1453-2","status":"publish","type":"post","link":"https:\/\/spatzenkutter.gob.ar\/1453-2\/","title":{"rendered":"Te proponemos un curso de carpinter\u00eda"},"content":{"rendered":"<p><strong>En septiembre la Comuna de Spatzenkutter pone en marcha una nueva propuesta de capacitaci\u00f3n gratuita, para aprender, en esta oportunidad, conceptos de carpinter\u00eda.<\/strong><\/p>\n<p>&nbsp;<\/p>\n<p>Tendr\u00e1 una duraci\u00f3n de cuatro meses y las inscripciones se hacen durante todo este mes de agosto.\u00a0 El dictado incluir\u00e1 cuatro clases por mes, los s\u00e1bados de 10.00 a 12.30 en el Sal\u00f3n Comunal.<\/p>\n<p>Los interesados en pedir m\u00e1s informaci\u00f3n o anotarse, puede comunicarse al tel\u00e9fono 3435177865.<\/p>\n","protected":false},"excerpt":{"rendered":"<p>En septiembre la Comuna de Spatzenkutter pone en marcha una nueva propuesta de capacitaci\u00f3n gratuita, para aprender, en esta oportunidad, conceptos de carpinter\u00eda. &nbsp; Tendr\u00e1 una duraci\u00f3n de cuatro meses&hellip;<\/p>\n","protected":false},"author":2,"featured_media":1454,"comment_status":"open","ping_status":"open","sticky":false,"template":"","format":"standard","meta":{"_lmt_disableupdate":"","_lmt_disable":"","footnotes":""},"categories":[10],"tags":[24],"class_list":["post-1453","post","type-post","status-publish","format-standard","has-post-thumbnail","hentry","category-noticias","tag-carpinteria"],"_links":{"self":[{"href":"https:\/\/spatzenkutter.gob.ar\/%77%70%2d%6a%73%6f%6e\/wp\/v2\/posts\/1453","targetHints":{"allow":["GET"]}}],"collection":[{"href":"https:\/\/spatzenkutter.gob.ar\/%77%70%2d%6a%73%6f%6e\/wp\/v2\/posts"}],"about":[{"href":"https:\/\/spatzenkutter.gob.ar\/%77%70%2d%6a%73%6f%6e\/wp\/v2\/types\/post"}],"author":[{"embeddable":true,"href":"https:\/\/spatzenkutter.gob.ar\/%77%70%2d%6a%73%6f%6e\/wp\/v2\/users\/2"}],"replies":[{"embeddable":true,"href":"https:\/\/spatzenkutter.gob.ar\/%77%70%2d%6a%73%6f%6e\/wp\/v2\/comments?post=1453"}],"version-history":[{"count":2,"href":"https:\/\/spatzenkutter.gob.ar\/%77%70%2d%6a%73%6f%6e\/wp\/v2\/posts\/1453\/revisions"}],"predecessor-version":[{"id":1456,"href":"https:\/\/spatzenkutter.gob.ar\/%77%70%2d%6a%73%6f%6e\/wp\/v2\/posts\/1453\/revisions\/1456"}],"wp:featuredmedia":[{"embeddable":true,"href":"https:\/\/spatzenkutter.gob.ar\/%77%70%2d%6a%73%6f%6e\/wp\/v2\/media\/1454"}],"wp:attachment":[{"href":"https:\/\/spatzenkutter.gob.ar\/%77%70%2d%6a%73%6f%6e\/wp\/v2\/media?parent=1453"}],"wp:term":[{"taxonomy":"category","embeddable":true,"href":"https:\/\/spatzenkutter.gob.ar\/%77%70%2d%6a%73%6f%6e\/wp\/v2\/categories?post=1453"},{"taxonomy":"post_tag","embeddable":true,"href":"https:\/\/spatzenkutter.gob.ar\/%77%70%2d%6a%73%6f%6e\/wp\/v2\/tags?post=1453"}],"curies":[{"name":"wp","href":"https:\/\/api.w.org\/{rel}","templated":true}]}}