{"id":1467,"date":"2022-08-11T20:00:37","date_gmt":"2022-08-11T20:00:37","guid":{"rendered":"https:\/\/spatzenkutter.gob.ar\/?p=1467"},"modified":"2022-08-11T20:00:37","modified_gmt":"2022-08-11T20:00:37","slug":"haciendo-mejorando-ampliando-manteniendo-y-cuidando-la-aldea","status":"publish","type":"post","link":"https:\/\/spatzenkutter.gob.ar\/haciendo-mejorando-ampliando-manteniendo-y-cuidando-la-aldea\/","title":{"rendered":"Haciendo, mejorando, ampliando, manteniendo y cuidando la aldea"},"content":{"rendered":"<p>Ampliaron la iluminaci\u00f3n del patio cerrado de la escuela, sumando la instalaci\u00f3n el\u00e9ctrica para el futuro bar saludable de los chicos del secundario<\/p>\n<p>Por otro lado, hicieron mantenimiento del cementerio local, sitio hist\u00f3rico de la provincia de Entre R\u00edos.<\/p>\n<p>Adem\u00e1s, se logr\u00f3 la reposici\u00f3n de material calc\u00e1reo en distintos puntos del ejido de Aldea Spatzenkutter.<\/p>\n","protected":false},"excerpt":{"rendered":"<p>Ampliaron la iluminaci\u00f3n del patio cerrado de la escuela, sumando la instalaci\u00f3n el\u00e9ctrica para el futuro bar saludable de los chicos del secundario Por otro lado, hicieron mantenimiento del cementerio&hellip;<\/p>\n","protected":false},"author":2,"featured_media":1468,"comment_status":"open","ping_status":"open","sticky":false,"template":"","format":"standard","meta":{"_lmt_disableupdate":"","_lmt_disable":"","footnotes":""},"categories":[10],"tags":[],"class_list":["post-1467","post","type-post","status-publish","format-standard","has-post-thumbnail","hentry","category-noticias"],"_links":{"self":[{"href":"https:\/\/spatzenkutter.gob.ar\/%77%70%2d%6a%73%6f%6e\/wp\/v2\/posts\/1467","targetHints":{"allow":["GET"]}}],"collection":[{"href":"https:\/\/spatzenkutter.gob.ar\/%77%70%2d%6a%73%6f%6e\/wp\/v2\/posts"}],"about":[{"href":"https:\/\/spatzenkutter.gob.ar\/%77%70%2d%6a%73%6f%6e\/wp\/v2\/types\/post"}],"author":[{"embeddable":true,"href":"https:\/\/spatzenkutter.gob.ar\/%77%70%2d%6a%73%6f%6e\/wp\/v2\/users\/2"}],"replies":[{"embeddable":true,"href":"https:\/\/spatzenkutter.gob.ar\/%77%70%2d%6a%73%6f%6e\/wp\/v2\/comments?post=1467"}],"version-history":[{"count":1,"href":"https:\/\/spatzenkutter.gob.ar\/%77%70%2d%6a%73%6f%6e\/wp\/v2\/posts\/1467\/revisions"}],"predecessor-version":[{"id":1469,"href":"https:\/\/spatzenkutter.gob.ar\/%77%70%2d%6a%73%6f%6e\/wp\/v2\/posts\/1467\/revisions\/1469"}],"wp:featuredmedia":[{"embeddable":true,"href":"https:\/\/spatzenkutter.gob.ar\/%77%70%2d%6a%73%6f%6e\/wp\/v2\/media\/1468"}],"wp:attachment":[{"href":"https:\/\/spatzenkutter.gob.ar\/%77%70%2d%6a%73%6f%6e\/wp\/v2\/media?parent=1467"}],"wp:term":[{"taxonomy":"category","embeddable":true,"href":"https:\/\/spatzenkutter.gob.ar\/%77%70%2d%6a%73%6f%6e\/wp\/v2\/categories?post=1467"},{"taxonomy":"post_tag","embeddable":true,"href":"https:\/\/spatzenkutter.gob.ar\/%77%70%2d%6a%73%6f%6e\/wp\/v2\/tags?post=1467"}],"curies":[{"name":"wp","href":"https:\/\/api.w.org\/{rel}","templated":true}]}}