{"id":1471,"date":"2022-08-18T20:21:17","date_gmt":"2022-08-18T20:21:17","guid":{"rendered":"https:\/\/spatzenkutter.gob.ar\/?p=1471"},"modified":"2022-08-18T20:21:17","modified_gmt":"2022-08-18T20:21:17","slug":"dias-llenos-de-concreciones-en-spatzenkutter","status":"publish","type":"post","link":"https:\/\/spatzenkutter.gob.ar\/dias-llenos-de-concreciones-en-spatzenkutter\/","title":{"rendered":"D\u00edas llenos de concreciones en Spatzenkutter"},"content":{"rendered":"<p>La Comuna realiz\u00f3 trabajos de colocaci\u00f3n de piedra mora sobre caminos suburbanos, en el ejido de la aldea<\/p>\n<p>Se llev\u00f3 a cabo un emotivo acto el 17 de agosto con motivo del 172\u00ba Aniversario del paso a la inmortalidad de Padre de la Patria, Jos\u00e9 de San Mart\u00edn. Se desarroll\u00f3 en la Escuela Primaria N\u00ba 6 Ant\u00e1rtida Argentina<\/p>\n<p>Se desarrollaron trabajos de mantenimiento en paredes y pintura en el Sal\u00f3n Comunal y este viernes 19 de agosto es el d\u00eda elegido para celebrar con los chicos el Mes del Ni\u00f1o, en el Parque Carlitos Bal\u00e1, a partir de las 15.00.<\/p>\n<p>La propuesta incluir\u00e1 juegos, actividades especialmente pensadas para ellos, peloteros, payasos, teatro, regalos, chocolate para compartir, tortas y pastelitos para amenizar una linda tarde. Mientras los chicos juegan, los grandes podr\u00e1n disfrutar de unos ricos mates viendo crecer, so\u00f1ar y re\u00edr a sus peques.<\/p>\n","protected":false},"excerpt":{"rendered":"<p>La Comuna realiz\u00f3 trabajos de colocaci\u00f3n de piedra mora sobre caminos suburbanos, en el ejido de la aldea Se llev\u00f3 a cabo un emotivo acto el 17 de agosto con&hellip;<\/p>\n","protected":false},"author":2,"featured_media":1472,"comment_status":"open","ping_status":"open","sticky":false,"template":"","format":"standard","meta":{"_lmt_disableupdate":"","_lmt_disable":"","footnotes":""},"categories":[10],"tags":[],"class_list":["post-1471","post","type-post","status-publish","format-standard","has-post-thumbnail","hentry","category-noticias"],"_links":{"self":[{"href":"https:\/\/spatzenkutter.gob.ar\/%77%70%2d%6a%73%6f%6e\/wp\/v2\/posts\/1471","targetHints":{"allow":["GET"]}}],"collection":[{"href":"https:\/\/spatzenkutter.gob.ar\/%77%70%2d%6a%73%6f%6e\/wp\/v2\/posts"}],"about":[{"href":"https:\/\/spatzenkutter.gob.ar\/%77%70%2d%6a%73%6f%6e\/wp\/v2\/types\/post"}],"author":[{"embeddable":true,"href":"https:\/\/spatzenkutter.gob.ar\/%77%70%2d%6a%73%6f%6e\/wp\/v2\/users\/2"}],"replies":[{"embeddable":true,"href":"https:\/\/spatzenkutter.gob.ar\/%77%70%2d%6a%73%6f%6e\/wp\/v2\/comments?post=1471"}],"version-history":[{"count":1,"href":"https:\/\/spatzenkutter.gob.ar\/%77%70%2d%6a%73%6f%6e\/wp\/v2\/posts\/1471\/revisions"}],"predecessor-version":[{"id":1473,"href":"https:\/\/spatzenkutter.gob.ar\/%77%70%2d%6a%73%6f%6e\/wp\/v2\/posts\/1471\/revisions\/1473"}],"wp:featuredmedia":[{"embeddable":true,"href":"https:\/\/spatzenkutter.gob.ar\/%77%70%2d%6a%73%6f%6e\/wp\/v2\/media\/1472"}],"wp:attachment":[{"href":"https:\/\/spatzenkutter.gob.ar\/%77%70%2d%6a%73%6f%6e\/wp\/v2\/media?parent=1471"}],"wp:term":[{"taxonomy":"category","embeddable":true,"href":"https:\/\/spatzenkutter.gob.ar\/%77%70%2d%6a%73%6f%6e\/wp\/v2\/categories?post=1471"},{"taxonomy":"post_tag","embeddable":true,"href":"https:\/\/spatzenkutter.gob.ar\/%77%70%2d%6a%73%6f%6e\/wp\/v2\/tags?post=1471"}],"curies":[{"name":"wp","href":"https:\/\/api.w.org\/{rel}","templated":true}]}}