{"id":1477,"date":"2022-08-29T21:06:37","date_gmt":"2022-08-29T21:06:37","guid":{"rendered":"https:\/\/spatzenkutter.gob.ar\/?p=1477"},"modified":"2022-08-29T21:06:37","modified_gmt":"2022-08-29T21:06:37","slug":"innovacion-y-tecnologia-para-sumar-propuestas-de-formacion-profesional","status":"publish","type":"post","link":"https:\/\/spatzenkutter.gob.ar\/innovacion-y-tecnologia-para-sumar-propuestas-de-formacion-profesional\/","title":{"rendered":"Innovaci\u00f3n y tecnolog\u00eda para sumar propuestas de formaci\u00f3n profesional"},"content":{"rendered":"<p>La Comuna de Spatzenkutter anunci\u00f3 la capacitaci\u00f3n \u201cRed Nacional Gastronom\u00eda\u201d, en el marco de la \u201cRed Nacional Aulas Talleres M\u00f3viles\u201d, para aprender a ser Ayudante de cocinera\/cocinero y Auxiliar de Pastelera\/Pastelero.<\/p>\n<p>La duraci\u00f3n es de tres meses, con entrega de certificados. Las inscripciones se reciben en el Sal\u00f3n Comubna, los d\u00edas mi\u00e9rcoles 31, jueves 1\u00ba y viernes 2 de septiembre, de 18.00 a 19.00.<\/p>\n<p>La Red Nacional Aulas Talleres M\u00f3viles fue creada para facilitar y ampliar el acceso a la formaci\u00f3n profesional y al desarrollo de habilidades en oficios y formaci\u00f3n tecnol\u00f3gica de adolescentes, j\u00f3venes y adultos.<\/p>\n<p>Las unidades donde se dictan los cursos reproducen las caracter\u00edsticas de un espacio formativo como aula-taller con las comodidades, condiciones de seguridad, higiene y equipamiento requeridos.<\/p>\n<p>Las Aulas Talleres M\u00f3viles son estructuras transportables, cedidas mediante un sistema de rotaci\u00f3n, instal\u00e1ndose en zonas en donde el acceso a una Formaci\u00f3n Profesional es limitado o complejo.<\/p>\n<p>\u201cEs un tr\u00e1iler espectacular el que llega a la aldea y ah\u00ed se da el curso. Est\u00e1 muy bueno. Llega a trav\u00e9s del CGE (Consejo General de Educaci\u00f3n). Es un ATM (Aula de Talleres M\u00f3viles). Cost\u00f3 mucho conseguirlo, porque est\u00e1 pedido en todos lados. Por suerte lo tendremos en nuestra aldea. Es una gran posibilidad para aprovechar\u201d, dijo entusiasmado el presidente de la Comuna, Juan Lell.<\/p>\n<p>&nbsp;<\/p>\n","protected":false},"excerpt":{"rendered":"<p>La Comuna de Spatzenkutter anunci\u00f3 la capacitaci\u00f3n \u201cRed Nacional Gastronom\u00eda\u201d, en el marco de la \u201cRed Nacional Aulas Talleres M\u00f3viles\u201d, para aprender a ser Ayudante de cocinera\/cocinero y Auxiliar de&hellip;<\/p>\n","protected":false},"author":2,"featured_media":1478,"comment_status":"open","ping_status":"open","sticky":false,"template":"","format":"standard","meta":{"_lmt_disableupdate":"","_lmt_disable":"","footnotes":""},"categories":[10],"tags":[25],"class_list":["post-1477","post","type-post","status-publish","format-standard","has-post-thumbnail","hentry","category-noticias","tag-aula-movil"],"_links":{"self":[{"href":"https:\/\/spatzenkutter.gob.ar\/%77%70%2d%6a%73%6f%6e\/wp\/v2\/posts\/1477","targetHints":{"allow":["GET"]}}],"collection":[{"href":"https:\/\/spatzenkutter.gob.ar\/%77%70%2d%6a%73%6f%6e\/wp\/v2\/posts"}],"about":[{"href":"https:\/\/spatzenkutter.gob.ar\/%77%70%2d%6a%73%6f%6e\/wp\/v2\/types\/post"}],"author":[{"embeddable":true,"href":"https:\/\/spatzenkutter.gob.ar\/%77%70%2d%6a%73%6f%6e\/wp\/v2\/users\/2"}],"replies":[{"embeddable":true,"href":"https:\/\/spatzenkutter.gob.ar\/%77%70%2d%6a%73%6f%6e\/wp\/v2\/comments?post=1477"}],"version-history":[{"count":1,"href":"https:\/\/spatzenkutter.gob.ar\/%77%70%2d%6a%73%6f%6e\/wp\/v2\/posts\/1477\/revisions"}],"predecessor-version":[{"id":1479,"href":"https:\/\/spatzenkutter.gob.ar\/%77%70%2d%6a%73%6f%6e\/wp\/v2\/posts\/1477\/revisions\/1479"}],"wp:featuredmedia":[{"embeddable":true,"href":"https:\/\/spatzenkutter.gob.ar\/%77%70%2d%6a%73%6f%6e\/wp\/v2\/media\/1478"}],"wp:attachment":[{"href":"https:\/\/spatzenkutter.gob.ar\/%77%70%2d%6a%73%6f%6e\/wp\/v2\/media?parent=1477"}],"wp:term":[{"taxonomy":"category","embeddable":true,"href":"https:\/\/spatzenkutter.gob.ar\/%77%70%2d%6a%73%6f%6e\/wp\/v2\/categories?post=1477"},{"taxonomy":"post_tag","embeddable":true,"href":"https:\/\/spatzenkutter.gob.ar\/%77%70%2d%6a%73%6f%6e\/wp\/v2\/tags?post=1477"}],"curies":[{"name":"wp","href":"https:\/\/api.w.org\/{rel}","templated":true}]}}