{"id":1481,"date":"2022-09-06T19:36:29","date_gmt":"2022-09-06T19:36:29","guid":{"rendered":"https:\/\/spatzenkutter.gob.ar\/?p=1481"},"modified":"2022-09-06T19:36:29","modified_gmt":"2022-09-06T19:36:29","slug":"iluminacion-parquizacion-y-mantenimiento-de-espacios-publicos","status":"publish","type":"post","link":"https:\/\/spatzenkutter.gob.ar\/iluminacion-parquizacion-y-mantenimiento-de-espacios-publicos\/","title":{"rendered":"Iluminaci\u00f3n, parquizaci\u00f3n y mantenimiento de espacios p\u00fablicos"},"content":{"rendered":"<p>En el comienzo de la semana personal de la Comuna realiz\u00f3 el recambio de artefactos LED da\u00f1ados. \u201cAgradecemos a la Municipalidad de Valle Mar\u00eda por prestarnos el servicio de hidroelevador para realizar dichas tareas y lograr as\u00ed que Spatzenkutter est\u00e9 d\u00eda a d\u00eda m\u00e1s linda\u201d, indicaron desde el ente gubernamental.<\/p>\n<p>Confirmaron que tambi\u00e9n se hicieron trabajos de remoci\u00f3n de escombros y restos de la construcci\u00f3n del nuevo edificio comunal. En este espacio se forestar\u00e1 y parquizar\u00e1. Y el mantenimiento de los espacios p\u00fablicos tambi\u00e9n fue parte de la movida semana local.<\/p>\n","protected":false},"excerpt":{"rendered":"<p>En el comienzo de la semana personal de la Comuna realiz\u00f3 el recambio de artefactos LED da\u00f1ados. \u201cAgradecemos a la Municipalidad de Valle Mar\u00eda por prestarnos el servicio de hidroelevador&hellip;<\/p>\n","protected":false},"author":2,"featured_media":1482,"comment_status":"open","ping_status":"open","sticky":false,"template":"","format":"standard","meta":{"_lmt_disableupdate":"","_lmt_disable":"","footnotes":""},"categories":[10],"tags":[],"class_list":["post-1481","post","type-post","status-publish","format-standard","has-post-thumbnail","hentry","category-noticias"],"_links":{"self":[{"href":"https:\/\/spatzenkutter.gob.ar\/%77%70%2d%6a%73%6f%6e\/wp\/v2\/posts\/1481","targetHints":{"allow":["GET"]}}],"collection":[{"href":"https:\/\/spatzenkutter.gob.ar\/%77%70%2d%6a%73%6f%6e\/wp\/v2\/posts"}],"about":[{"href":"https:\/\/spatzenkutter.gob.ar\/%77%70%2d%6a%73%6f%6e\/wp\/v2\/types\/post"}],"author":[{"embeddable":true,"href":"https:\/\/spatzenkutter.gob.ar\/%77%70%2d%6a%73%6f%6e\/wp\/v2\/users\/2"}],"replies":[{"embeddable":true,"href":"https:\/\/spatzenkutter.gob.ar\/%77%70%2d%6a%73%6f%6e\/wp\/v2\/comments?post=1481"}],"version-history":[{"count":1,"href":"https:\/\/spatzenkutter.gob.ar\/%77%70%2d%6a%73%6f%6e\/wp\/v2\/posts\/1481\/revisions"}],"predecessor-version":[{"id":1483,"href":"https:\/\/spatzenkutter.gob.ar\/%77%70%2d%6a%73%6f%6e\/wp\/v2\/posts\/1481\/revisions\/1483"}],"wp:featuredmedia":[{"embeddable":true,"href":"https:\/\/spatzenkutter.gob.ar\/%77%70%2d%6a%73%6f%6e\/wp\/v2\/media\/1482"}],"wp:attachment":[{"href":"https:\/\/spatzenkutter.gob.ar\/%77%70%2d%6a%73%6f%6e\/wp\/v2\/media?parent=1481"}],"wp:term":[{"taxonomy":"category","embeddable":true,"href":"https:\/\/spatzenkutter.gob.ar\/%77%70%2d%6a%73%6f%6e\/wp\/v2\/categories?post=1481"},{"taxonomy":"post_tag","embeddable":true,"href":"https:\/\/spatzenkutter.gob.ar\/%77%70%2d%6a%73%6f%6e\/wp\/v2\/tags?post=1481"}],"curies":[{"name":"wp","href":"https:\/\/api.w.org\/{rel}","templated":true}]}}