{"id":149,"date":"2020-04-17T05:53:49","date_gmt":"2020-04-17T05:53:49","guid":{"rendered":"http:\/\/spatzenkutter.info\/?p=149"},"modified":"2024-10-25T14:14:23","modified_gmt":"2024-10-25T14:14:23","slug":"desinfeccion-en-las-las-calles-de-aldea-spatzenkutter","status":"publish","type":"post","link":"https:\/\/spatzenkutter.gob.ar\/desinfeccion-en-las-las-calles-de-aldea-spatzenkutter\/","title":{"rendered":"Desinfecci\u00f3n en las las calles de aldea Spatzenkutter"},"content":{"rendered":"\n<p>Desinfecci\u00f3n realizada hoy sobre las calles de aldea Spatzenkutter a modo preventivo. A esta pandemia la venceremos juntos. Coordinaci\u00f3n de la Comuna local de manera conjunta con Bomberos Voluntarios de Brasilera y la Polic\u00eda de Valle Mar\u00eda. AGRADECEMOS por el trabajo, la log\u00edstica y el compromiso asumido. Seguimos trabajando, poni\u00e9ndonos siempre a disposici\u00f3n de nuestro Centro de Salud Maip\u00fa. Record\u00e1 la consigna Mundial #quedateencasa<\/p>\n\n\n\n<figure class=\"wp-block-gallery columns-3 is-cropped wp-block-gallery-2 is-layout-flex wp-block-gallery-is-layout-flex\"><ul class=\"blocks-gallery-grid\"><li class=\"blocks-gallery-item\"><figure><img fetchpriority=\"high\" decoding=\"async\" width=\"720\" height=\"960\" src=\"https:\/\/spatzenkutter.gob.ar\/%77%70%2d%63%6f%6e%74%65%6e%74\/uploads\/2020\/04\/91316090_143717920516096_7335431514500366336_n.jpg\" alt=\"\" data-id=\"150\" data-full-url=\"https:\/\/spatzenkutter.gob.ar\/%77%70%2d%63%6f%6e%74%65%6e%74\/uploads\/2020\/04\/91316090_143717920516096_7335431514500366336_n.jpg\" data-link=\"https:\/\/spatzenkutter.gob.ar\/?attachment_id=150\" class=\"wp-image-150\" srcset=\"https:\/\/spatzenkutter.gob.ar\/%77%70%2d%63%6f%6e%74%65%6e%74\/uploads\/2020\/04\/91316090_143717920516096_7335431514500366336_n.jpg 720w, https:\/\/spatzenkutter.gob.ar\/%77%70%2d%63%6f%6e%74%65%6e%74\/uploads\/2020\/04\/91316090_143717920516096_7335431514500366336_n-225x300.jpg 225w, https:\/\/spatzenkutter.gob.ar\/%77%70%2d%63%6f%6e%74%65%6e%74\/uploads\/2020\/04\/91316090_143717920516096_7335431514500366336_n-480x640.jpg 480w\" sizes=\"(max-width: 720px) 100vw, 720px\" \/><\/figure><\/li><li class=\"blocks-gallery-item\"><figure><img decoding=\"async\" width=\"720\" height=\"960\" src=\"https:\/\/spatzenkutter.gob.ar\/%77%70%2d%63%6f%6e%74%65%6e%74\/uploads\/2020\/04\/91424352_143717883849433_7318837715078742016_n.jpg\" alt=\"\" data-id=\"151\" data-full-url=\"https:\/\/spatzenkutter.gob.ar\/%77%70%2d%63%6f%6e%74%65%6e%74\/uploads\/2020\/04\/91424352_143717883849433_7318837715078742016_n.jpg\" data-link=\"https:\/\/spatzenkutter.gob.ar\/?attachment_id=151\" class=\"wp-image-151\" srcset=\"https:\/\/spatzenkutter.gob.ar\/%77%70%2d%63%6f%6e%74%65%6e%74\/uploads\/2020\/04\/91424352_143717883849433_7318837715078742016_n.jpg 720w, https:\/\/spatzenkutter.gob.ar\/%77%70%2d%63%6f%6e%74%65%6e%74\/uploads\/2020\/04\/91424352_143717883849433_7318837715078742016_n-225x300.jpg 225w, https:\/\/spatzenkutter.gob.ar\/%77%70%2d%63%6f%6e%74%65%6e%74\/uploads\/2020\/04\/91424352_143717883849433_7318837715078742016_n-480x640.jpg 480w\" sizes=\"(max-width: 720px) 100vw, 720px\" \/><\/figure><\/li><li class=\"blocks-gallery-item\"><figure><img decoding=\"async\" width=\"720\" height=\"960\" src=\"https:\/\/spatzenkutter.gob.ar\/%77%70%2d%63%6f%6e%74%65%6e%74\/uploads\/2020\/04\/91639912_143718333849388_3631189970238046208_n.jpg\" alt=\"\" data-id=\"152\" data-full-url=\"https:\/\/spatzenkutter.gob.ar\/%77%70%2d%63%6f%6e%74%65%6e%74\/uploads\/2020\/04\/91639912_143718333849388_3631189970238046208_n.jpg\" data-link=\"https:\/\/spatzenkutter.gob.ar\/?attachment_id=152\" class=\"wp-image-152\" srcset=\"https:\/\/spatzenkutter.gob.ar\/%77%70%2d%63%6f%6e%74%65%6e%74\/uploads\/2020\/04\/91639912_143718333849388_3631189970238046208_n.jpg 720w, https:\/\/spatzenkutter.gob.ar\/%77%70%2d%63%6f%6e%74%65%6e%74\/uploads\/2020\/04\/91639912_143718333849388_3631189970238046208_n-225x300.jpg 225w, https:\/\/spatzenkutter.gob.ar\/%77%70%2d%63%6f%6e%74%65%6e%74\/uploads\/2020\/04\/91639912_143718333849388_3631189970238046208_n-480x640.jpg 480w\" sizes=\"(max-width: 720px) 100vw, 720px\" \/><\/figure><\/li><li class=\"blocks-gallery-item\"><figure><img loading=\"lazy\" decoding=\"async\" width=\"720\" height=\"960\" src=\"https:\/\/spatzenkutter.gob.ar\/%77%70%2d%63%6f%6e%74%65%6e%74\/uploads\/2020\/04\/91772508_143718123849409_1430678706086477824_n.jpg\" alt=\"\" data-id=\"153\" data-full-url=\"https:\/\/spatzenkutter.gob.ar\/%77%70%2d%63%6f%6e%74%65%6e%74\/uploads\/2020\/04\/91772508_143718123849409_1430678706086477824_n.jpg\" data-link=\"https:\/\/spatzenkutter.gob.ar\/?attachment_id=153\" class=\"wp-image-153\" srcset=\"https:\/\/spatzenkutter.gob.ar\/%77%70%2d%63%6f%6e%74%65%6e%74\/uploads\/2020\/04\/91772508_143718123849409_1430678706086477824_n.jpg 720w, https:\/\/spatzenkutter.gob.ar\/%77%70%2d%63%6f%6e%74%65%6e%74\/uploads\/2020\/04\/91772508_143718123849409_1430678706086477824_n-225x300.jpg 225w, https:\/\/spatzenkutter.gob.ar\/%77%70%2d%63%6f%6e%74%65%6e%74\/uploads\/2020\/04\/91772508_143718123849409_1430678706086477824_n-480x640.jpg 480w\" sizes=\"(max-width: 720px) 100vw, 720px\" \/><\/figure><\/li><li class=\"blocks-gallery-item\"><figure><img loading=\"lazy\" decoding=\"async\" width=\"720\" height=\"960\" src=\"https:\/\/spatzenkutter.gob.ar\/%77%70%2d%63%6f%6e%74%65%6e%74\/uploads\/2020\/04\/91812547_143718240516064_2741903436684460032_n.jpg\" alt=\"\" data-id=\"154\" data-full-url=\"https:\/\/spatzenkutter.gob.ar\/%77%70%2d%63%6f%6e%74%65%6e%74\/uploads\/2020\/04\/91812547_143718240516064_2741903436684460032_n.jpg\" data-link=\"https:\/\/spatzenkutter.gob.ar\/?attachment_id=154\" class=\"wp-image-154\" srcset=\"https:\/\/spatzenkutter.gob.ar\/%77%70%2d%63%6f%6e%74%65%6e%74\/uploads\/2020\/04\/91812547_143718240516064_2741903436684460032_n.jpg 720w, https:\/\/spatzenkutter.gob.ar\/%77%70%2d%63%6f%6e%74%65%6e%74\/uploads\/2020\/04\/91812547_143718240516064_2741903436684460032_n-225x300.jpg 225w, https:\/\/spatzenkutter.gob.ar\/%77%70%2d%63%6f%6e%74%65%6e%74\/uploads\/2020\/04\/91812547_143718240516064_2741903436684460032_n-480x640.jpg 480w\" sizes=\"(max-width: 720px) 100vw, 720px\" \/><\/figure><\/li><li class=\"blocks-gallery-item\"><figure><img loading=\"lazy\" decoding=\"async\" width=\"720\" height=\"960\" src=\"https:\/\/spatzenkutter.gob.ar\/%77%70%2d%63%6f%6e%74%65%6e%74\/uploads\/2020\/04\/91816179_143718013849420_6431989700747067392_n.jpg\" alt=\"\" data-id=\"155\" data-full-url=\"https:\/\/spatzenkutter.gob.ar\/%77%70%2d%63%6f%6e%74%65%6e%74\/uploads\/2020\/04\/91816179_143718013849420_6431989700747067392_n.jpg\" data-link=\"https:\/\/spatzenkutter.gob.ar\/?attachment_id=155\" class=\"wp-image-155\" srcset=\"https:\/\/spatzenkutter.gob.ar\/%77%70%2d%63%6f%6e%74%65%6e%74\/uploads\/2020\/04\/91816179_143718013849420_6431989700747067392_n.jpg 720w, https:\/\/spatzenkutter.gob.ar\/%77%70%2d%63%6f%6e%74%65%6e%74\/uploads\/2020\/04\/91816179_143718013849420_6431989700747067392_n-225x300.jpg 225w, https:\/\/spatzenkutter.gob.ar\/%77%70%2d%63%6f%6e%74%65%6e%74\/uploads\/2020\/04\/91816179_143718013849420_6431989700747067392_n-480x640.jpg 480w\" sizes=\"(max-width: 720px) 100vw, 720px\" \/><\/figure><\/li><li class=\"blocks-gallery-item\"><figure><img loading=\"lazy\" decoding=\"async\" width=\"720\" height=\"960\" src=\"https:\/\/spatzenkutter.gob.ar\/%77%70%2d%63%6f%6e%74%65%6e%74\/uploads\/2020\/04\/91829783_143717843849437_966380178609537024_n.jpg\" alt=\"\" data-id=\"156\" data-full-url=\"https:\/\/spatzenkutter.gob.ar\/%77%70%2d%63%6f%6e%74%65%6e%74\/uploads\/2020\/04\/91829783_143717843849437_966380178609537024_n.jpg\" data-link=\"https:\/\/spatzenkutter.gob.ar\/?attachment_id=156\" class=\"wp-image-156\" srcset=\"https:\/\/spatzenkutter.gob.ar\/%77%70%2d%63%6f%6e%74%65%6e%74\/uploads\/2020\/04\/91829783_143717843849437_966380178609537024_n.jpg 720w, https:\/\/spatzenkutter.gob.ar\/%77%70%2d%63%6f%6e%74%65%6e%74\/uploads\/2020\/04\/91829783_143717843849437_966380178609537024_n-225x300.jpg 225w, https:\/\/spatzenkutter.gob.ar\/%77%70%2d%63%6f%6e%74%65%6e%74\/uploads\/2020\/04\/91829783_143717843849437_966380178609537024_n-480x640.jpg 480w\" sizes=\"(max-width: 720px) 100vw, 720px\" \/><\/figure><\/li><li class=\"blocks-gallery-item\"><figure><img loading=\"lazy\" decoding=\"async\" width=\"960\" height=\"720\" src=\"https:\/\/spatzenkutter.gob.ar\/%77%70%2d%63%6f%6e%74%65%6e%74\/uploads\/2020\/04\/91863414_143718313849390_2704727144663089152_n.jpg\" alt=\"\" data-id=\"157\" data-full-url=\"https:\/\/spatzenkutter.gob.ar\/%77%70%2d%63%6f%6e%74%65%6e%74\/uploads\/2020\/04\/91863414_143718313849390_2704727144663089152_n.jpg\" data-link=\"https:\/\/spatzenkutter.gob.ar\/?attachment_id=157\" class=\"wp-image-157\" srcset=\"https:\/\/spatzenkutter.gob.ar\/%77%70%2d%63%6f%6e%74%65%6e%74\/uploads\/2020\/04\/91863414_143718313849390_2704727144663089152_n.jpg 960w, https:\/\/spatzenkutter.gob.ar\/%77%70%2d%63%6f%6e%74%65%6e%74\/uploads\/2020\/04\/91863414_143718313849390_2704727144663089152_n-300x225.jpg 300w, https:\/\/spatzenkutter.gob.ar\/%77%70%2d%63%6f%6e%74%65%6e%74\/uploads\/2020\/04\/91863414_143718313849390_2704727144663089152_n-768x576.jpg 768w, https:\/\/spatzenkutter.gob.ar\/%77%70%2d%63%6f%6e%74%65%6e%74\/uploads\/2020\/04\/91863414_143718313849390_2704727144663089152_n-510x382.jpg 510w, https:\/\/spatzenkutter.gob.ar\/%77%70%2d%63%6f%6e%74%65%6e%74\/uploads\/2020\/04\/91863414_143718313849390_2704727144663089152_n-480x360.jpg 480w\" sizes=\"(max-width: 960px) 100vw, 960px\" \/><\/figure><\/li><li class=\"blocks-gallery-item\"><figure><img loading=\"lazy\" decoding=\"async\" width=\"720\" height=\"960\" src=\"https:\/\/spatzenkutter.gob.ar\/%77%70%2d%63%6f%6e%74%65%6e%74\/uploads\/2020\/04\/91907010_143718223849399_706903113855926272_n.jpg\" alt=\"\" data-id=\"158\" data-full-url=\"https:\/\/spatzenkutter.gob.ar\/%77%70%2d%63%6f%6e%74%65%6e%74\/uploads\/2020\/04\/91907010_143718223849399_706903113855926272_n.jpg\" data-link=\"https:\/\/spatzenkutter.gob.ar\/?attachment_id=158\" class=\"wp-image-158\" srcset=\"https:\/\/spatzenkutter.gob.ar\/%77%70%2d%63%6f%6e%74%65%6e%74\/uploads\/2020\/04\/91907010_143718223849399_706903113855926272_n.jpg 720w, https:\/\/spatzenkutter.gob.ar\/%77%70%2d%63%6f%6e%74%65%6e%74\/uploads\/2020\/04\/91907010_143718223849399_706903113855926272_n-225x300.jpg 225w, https:\/\/spatzenkutter.gob.ar\/%77%70%2d%63%6f%6e%74%65%6e%74\/uploads\/2020\/04\/91907010_143718223849399_706903113855926272_n-480x640.jpg 480w\" sizes=\"(max-width: 720px) 100vw, 720px\" \/><\/figure><\/li><li class=\"blocks-gallery-item\"><figure><img loading=\"lazy\" decoding=\"async\" width=\"720\" height=\"960\" src=\"https:\/\/spatzenkutter.gob.ar\/%77%70%2d%63%6f%6e%74%65%6e%74\/uploads\/2020\/04\/91926265_143717850516103_3912751078222856192_n.jpg\" alt=\"\" data-id=\"159\" data-full-url=\"https:\/\/spatzenkutter.gob.ar\/%77%70%2d%63%6f%6e%74%65%6e%74\/uploads\/2020\/04\/91926265_143717850516103_3912751078222856192_n.jpg\" data-link=\"https:\/\/spatzenkutter.gob.ar\/?attachment_id=159\" class=\"wp-image-159\" srcset=\"https:\/\/spatzenkutter.gob.ar\/%77%70%2d%63%6f%6e%74%65%6e%74\/uploads\/2020\/04\/91926265_143717850516103_3912751078222856192_n.jpg 720w, https:\/\/spatzenkutter.gob.ar\/%77%70%2d%63%6f%6e%74%65%6e%74\/uploads\/2020\/04\/91926265_143717850516103_3912751078222856192_n-225x300.jpg 225w, https:\/\/spatzenkutter.gob.ar\/%77%70%2d%63%6f%6e%74%65%6e%74\/uploads\/2020\/04\/91926265_143717850516103_3912751078222856192_n-480x640.jpg 480w\" sizes=\"(max-width: 720px) 100vw, 720px\" \/><\/figure><\/li><\/ul><\/figure>\n","protected":false},"excerpt":{"rendered":"<p>Desinfecci\u00f3n realizada hoy sobre las calles de aldea Spatzenkutter a modo preventivo. A esta pandemia la venceremos juntos. Coordinaci\u00f3n de la Comuna local de manera conjunta con Bomberos Voluntarios de&hellip;<\/p>\n","protected":false},"author":1,"featured_media":156,"comment_status":"open","ping_status":"open","sticky":false,"template":"","format":"standard","meta":{"_lmt_disableupdate":"","_lmt_disable":"","footnotes":""},"categories":[10],"tags":[9,11],"class_list":["post-149","post","type-post","status-publish","format-standard","has-post-thumbnail","hentry","category-noticias","tag-covid-19","tag-quedatenecasa"],"_links":{"self":[{"href":"https:\/\/spatzenkutter.gob.ar\/%77%70%2d%6a%73%6f%6e\/wp\/v2\/posts\/149","targetHints":{"allow":["GET"]}}],"collection":[{"href":"https:\/\/spatzenkutter.gob.ar\/%77%70%2d%6a%73%6f%6e\/wp\/v2\/posts"}],"about":[{"href":"https:\/\/spatzenkutter.gob.ar\/%77%70%2d%6a%73%6f%6e\/wp\/v2\/types\/post"}],"author":[{"embeddable":true,"href":"https:\/\/spatzenkutter.gob.ar\/%77%70%2d%6a%73%6f%6e\/wp\/v2\/users\/1"}],"replies":[{"embeddable":true,"href":"https:\/\/spatzenkutter.gob.ar\/%77%70%2d%6a%73%6f%6e\/wp\/v2\/comments?post=149"}],"version-history":[{"count":13,"href":"https:\/\/spatzenkutter.gob.ar\/%77%70%2d%6a%73%6f%6e\/wp\/v2\/posts\/149\/revisions"}],"predecessor-version":[{"id":2323,"href":"https:\/\/spatzenkutter.gob.ar\/%77%70%2d%6a%73%6f%6e\/wp\/v2\/posts\/149\/revisions\/2323"}],"wp:featuredmedia":[{"embeddable":true,"href":"https:\/\/spatzenkutter.gob.ar\/%77%70%2d%6a%73%6f%6e\/wp\/v2\/media\/156"}],"wp:attachment":[{"href":"https:\/\/spatzenkutter.gob.ar\/%77%70%2d%6a%73%6f%6e\/wp\/v2\/media?parent=149"}],"wp:term":[{"taxonomy":"category","embeddable":true,"href":"https:\/\/spatzenkutter.gob.ar\/%77%70%2d%6a%73%6f%6e\/wp\/v2\/categories?post=149"},{"taxonomy":"post_tag","embeddable":true,"href":"https:\/\/spatzenkutter.gob.ar\/%77%70%2d%6a%73%6f%6e\/wp\/v2\/tags?post=149"}],"curies":[{"name":"wp","href":"https:\/\/api.w.org\/{rel}","templated":true}]}}