{"id":1552,"date":"2022-10-06T19:40:44","date_gmt":"2022-10-06T19:40:44","guid":{"rendered":"https:\/\/spatzenkutter.gob.ar\/?p=1552"},"modified":"2022-10-06T19:40:44","modified_gmt":"2022-10-06T19:40:44","slug":"mejoras-en-iluminacion-y-caminos-productivos","status":"publish","type":"post","link":"https:\/\/spatzenkutter.gob.ar\/mejoras-en-iluminacion-y-caminos-productivos\/","title":{"rendered":"Mejoras en iluminaci\u00f3n y caminos productivos"},"content":{"rendered":"<p>Esta semana comenzaron los trabajos de obra civil, reciclado y fabricaci\u00f3n de columnas de alumbrado p\u00fablico, coloc\u00e1ndose el mi\u00e9rcoles en calle Nicol\u00e1s Avellaneda y Paseo de los Colonos. Estas calles tranversales comunican con ambas Avenidas principales, Campo Mar\u00eda y Alemanes del Volga. Estos trabajos fueron realizados \u00edntegramente por el personal comunal.<\/p>\n<p>&nbsp;<\/p>\n<p>Por otro lado, se llevaron a cabo trabajos de nivelado, cuneteo y embrozado en zonas rurales, ejido de la, uniendo vecinos y pueblos sobre caminos productivos<\/p>\n<p>Estas tareas fueron efectuadas mediante convenio entre DPV Zonal Vl, obra por administraci\u00f3n, y la Comuna de Aldea Spatzenkutter.<\/p>\n","protected":false},"excerpt":{"rendered":"<p>Esta semana comenzaron los trabajos de obra civil, reciclado y fabricaci\u00f3n de columnas de alumbrado p\u00fablico, coloc\u00e1ndose el mi\u00e9rcoles en calle Nicol\u00e1s Avellaneda y Paseo de los Colonos. Estas calles&hellip;<\/p>\n","protected":false},"author":2,"featured_media":1553,"comment_status":"open","ping_status":"open","sticky":false,"template":"","format":"standard","meta":{"_lmt_disableupdate":"","_lmt_disable":"","footnotes":""},"categories":[10],"tags":[],"class_list":["post-1552","post","type-post","status-publish","format-standard","has-post-thumbnail","hentry","category-noticias"],"_links":{"self":[{"href":"https:\/\/spatzenkutter.gob.ar\/%77%70%2d%6a%73%6f%6e\/wp\/v2\/posts\/1552","targetHints":{"allow":["GET"]}}],"collection":[{"href":"https:\/\/spatzenkutter.gob.ar\/%77%70%2d%6a%73%6f%6e\/wp\/v2\/posts"}],"about":[{"href":"https:\/\/spatzenkutter.gob.ar\/%77%70%2d%6a%73%6f%6e\/wp\/v2\/types\/post"}],"author":[{"embeddable":true,"href":"https:\/\/spatzenkutter.gob.ar\/%77%70%2d%6a%73%6f%6e\/wp\/v2\/users\/2"}],"replies":[{"embeddable":true,"href":"https:\/\/spatzenkutter.gob.ar\/%77%70%2d%6a%73%6f%6e\/wp\/v2\/comments?post=1552"}],"version-history":[{"count":1,"href":"https:\/\/spatzenkutter.gob.ar\/%77%70%2d%6a%73%6f%6e\/wp\/v2\/posts\/1552\/revisions"}],"predecessor-version":[{"id":1554,"href":"https:\/\/spatzenkutter.gob.ar\/%77%70%2d%6a%73%6f%6e\/wp\/v2\/posts\/1552\/revisions\/1554"}],"wp:featuredmedia":[{"embeddable":true,"href":"https:\/\/spatzenkutter.gob.ar\/%77%70%2d%6a%73%6f%6e\/wp\/v2\/media\/1553"}],"wp:attachment":[{"href":"https:\/\/spatzenkutter.gob.ar\/%77%70%2d%6a%73%6f%6e\/wp\/v2\/media?parent=1552"}],"wp:term":[{"taxonomy":"category","embeddable":true,"href":"https:\/\/spatzenkutter.gob.ar\/%77%70%2d%6a%73%6f%6e\/wp\/v2\/categories?post=1552"},{"taxonomy":"post_tag","embeddable":true,"href":"https:\/\/spatzenkutter.gob.ar\/%77%70%2d%6a%73%6f%6e\/wp\/v2\/tags?post=1552"}],"curies":[{"name":"wp","href":"https:\/\/api.w.org\/{rel}","templated":true}]}}