{"id":1563,"date":"2022-10-17T21:52:34","date_gmt":"2022-10-17T21:52:34","guid":{"rendered":"https:\/\/spatzenkutter.gob.ar\/?p=1563"},"modified":"2022-10-17T21:52:34","modified_gmt":"2022-10-17T21:52:34","slug":"nueva-nomenclatura","status":"publish","type":"post","link":"https:\/\/spatzenkutter.gob.ar\/nueva-nomenclatura\/","title":{"rendered":"Nueva nomenclatura"},"content":{"rendered":"<p>El lunes 17 de octubre en la Comuna recibieron los materiales para la construcci\u00f3n y colocaci\u00f3n de la nueva nomenclatura. Adem\u00e1s, trabajan junto a Catastro y la agrimensora Comunal para colocarle la altura a cada vivienda. De este modo, cada calle quedar\u00e1 demarcada con su nombre en material refractario y a cada vivienda se le colocar\u00e1 su numeraci\u00f3n correspondiente.<\/p>\n","protected":false},"excerpt":{"rendered":"<p>El lunes 17 de octubre en la Comuna recibieron los materiales para la construcci\u00f3n y colocaci\u00f3n de la nueva nomenclatura. Adem\u00e1s, trabajan junto a Catastro y la agrimensora Comunal para&hellip;<\/p>\n","protected":false},"author":2,"featured_media":1564,"comment_status":"open","ping_status":"open","sticky":false,"template":"","format":"standard","meta":{"_lmt_disableupdate":"","_lmt_disable":"","footnotes":""},"categories":[10],"tags":[28],"class_list":["post-1563","post","type-post","status-publish","format-standard","has-post-thumbnail","hentry","category-noticias","tag-nomenclatura"],"_links":{"self":[{"href":"https:\/\/spatzenkutter.gob.ar\/%77%70%2d%6a%73%6f%6e\/wp\/v2\/posts\/1563","targetHints":{"allow":["GET"]}}],"collection":[{"href":"https:\/\/spatzenkutter.gob.ar\/%77%70%2d%6a%73%6f%6e\/wp\/v2\/posts"}],"about":[{"href":"https:\/\/spatzenkutter.gob.ar\/%77%70%2d%6a%73%6f%6e\/wp\/v2\/types\/post"}],"author":[{"embeddable":true,"href":"https:\/\/spatzenkutter.gob.ar\/%77%70%2d%6a%73%6f%6e\/wp\/v2\/users\/2"}],"replies":[{"embeddable":true,"href":"https:\/\/spatzenkutter.gob.ar\/%77%70%2d%6a%73%6f%6e\/wp\/v2\/comments?post=1563"}],"version-history":[{"count":1,"href":"https:\/\/spatzenkutter.gob.ar\/%77%70%2d%6a%73%6f%6e\/wp\/v2\/posts\/1563\/revisions"}],"predecessor-version":[{"id":1565,"href":"https:\/\/spatzenkutter.gob.ar\/%77%70%2d%6a%73%6f%6e\/wp\/v2\/posts\/1563\/revisions\/1565"}],"wp:featuredmedia":[{"embeddable":true,"href":"https:\/\/spatzenkutter.gob.ar\/%77%70%2d%6a%73%6f%6e\/wp\/v2\/media\/1564"}],"wp:attachment":[{"href":"https:\/\/spatzenkutter.gob.ar\/%77%70%2d%6a%73%6f%6e\/wp\/v2\/media?parent=1563"}],"wp:term":[{"taxonomy":"category","embeddable":true,"href":"https:\/\/spatzenkutter.gob.ar\/%77%70%2d%6a%73%6f%6e\/wp\/v2\/categories?post=1563"},{"taxonomy":"post_tag","embeddable":true,"href":"https:\/\/spatzenkutter.gob.ar\/%77%70%2d%6a%73%6f%6e\/wp\/v2\/tags?post=1563"}],"curies":[{"name":"wp","href":"https:\/\/api.w.org\/{rel}","templated":true}]}}