{"id":1567,"date":"2022-10-18T12:29:58","date_gmt":"2022-10-18T12:29:58","guid":{"rendered":"https:\/\/spatzenkutter.gob.ar\/?p=1567"},"modified":"2022-10-18T12:32:17","modified_gmt":"2022-10-18T12:32:17","slug":"celebran-el-dia-de-la-madre","status":"publish","type":"post","link":"https:\/\/spatzenkutter.gob.ar\/celebran-el-dia-de-la-madre\/","title":{"rendered":"Celebramos el D\u00eda de la Madre"},"content":{"rendered":"<p>El s\u00e1bado 29 de octubre a partir de las 14.30 la Biblioteca Comunal Gabriela Mistral, con el acompa\u00f1amiento de la Comuna de Aldea Spatzenkutter organizan la celebraci\u00f3n del D\u00eda de la Madre.<\/p>\n<p>Ser\u00e1 en el Parque De Luz, con una propuesta que incluir\u00e1 mate-bingo, karaoke, sorteos y m\u00fasica en vivo. Lleva equipo de mate para disfrutar de una gran tarde, con entrada libre y gratuita.<\/p>\n","protected":false},"excerpt":{"rendered":"<p>El s\u00e1bado 29 de octubre a partir de las 14.30 la Biblioteca Comunal Gabriela Mistral, con el acompa\u00f1amiento de la Comuna de Aldea Spatzenkutter organizan la celebraci\u00f3n del D\u00eda de&hellip;<\/p>\n","protected":false},"author":2,"featured_media":1568,"comment_status":"open","ping_status":"open","sticky":false,"template":"","format":"standard","meta":{"_lmt_disableupdate":"","_lmt_disable":"","footnotes":""},"categories":[10],"tags":[29],"class_list":["post-1567","post","type-post","status-publish","format-standard","has-post-thumbnail","hentry","category-noticias","tag-dia-de-la-madre"],"_links":{"self":[{"href":"https:\/\/spatzenkutter.gob.ar\/%77%70%2d%6a%73%6f%6e\/wp\/v2\/posts\/1567","targetHints":{"allow":["GET"]}}],"collection":[{"href":"https:\/\/spatzenkutter.gob.ar\/%77%70%2d%6a%73%6f%6e\/wp\/v2\/posts"}],"about":[{"href":"https:\/\/spatzenkutter.gob.ar\/%77%70%2d%6a%73%6f%6e\/wp\/v2\/types\/post"}],"author":[{"embeddable":true,"href":"https:\/\/spatzenkutter.gob.ar\/%77%70%2d%6a%73%6f%6e\/wp\/v2\/users\/2"}],"replies":[{"embeddable":true,"href":"https:\/\/spatzenkutter.gob.ar\/%77%70%2d%6a%73%6f%6e\/wp\/v2\/comments?post=1567"}],"version-history":[{"count":2,"href":"https:\/\/spatzenkutter.gob.ar\/%77%70%2d%6a%73%6f%6e\/wp\/v2\/posts\/1567\/revisions"}],"predecessor-version":[{"id":1570,"href":"https:\/\/spatzenkutter.gob.ar\/%77%70%2d%6a%73%6f%6e\/wp\/v2\/posts\/1567\/revisions\/1570"}],"wp:featuredmedia":[{"embeddable":true,"href":"https:\/\/spatzenkutter.gob.ar\/%77%70%2d%6a%73%6f%6e\/wp\/v2\/media\/1568"}],"wp:attachment":[{"href":"https:\/\/spatzenkutter.gob.ar\/%77%70%2d%6a%73%6f%6e\/wp\/v2\/media?parent=1567"}],"wp:term":[{"taxonomy":"category","embeddable":true,"href":"https:\/\/spatzenkutter.gob.ar\/%77%70%2d%6a%73%6f%6e\/wp\/v2\/categories?post=1567"},{"taxonomy":"post_tag","embeddable":true,"href":"https:\/\/spatzenkutter.gob.ar\/%77%70%2d%6a%73%6f%6e\/wp\/v2\/tags?post=1567"}],"curies":[{"name":"wp","href":"https:\/\/api.w.org\/{rel}","templated":true}]}}