{"id":1581,"date":"2022-11-09T14:19:03","date_gmt":"2022-11-09T14:19:03","guid":{"rendered":"https:\/\/spatzenkutter.gob.ar\/?p=1581"},"modified":"2022-11-09T16:53:22","modified_gmt":"2022-11-09T16:53:22","slug":"llamado-a-licitacion-para-la-compra-de-una-grua-hidraulica-de-arrastre-multiuso","status":"publish","type":"post","link":"https:\/\/spatzenkutter.gob.ar\/llamado-a-licitacion-para-la-compra-de-una-grua-hidraulica-de-arrastre-multiuso\/","title":{"rendered":"LLAMADO A LICITACI\u00d3N PARA LA COMPRA DE UNA GR\u00daA HIDR\u00c1ULICA DE ARRASTRE MULTIUSO"},"content":{"rendered":"<p>Te damos algunos detalles a tener en cuenta por quienes est\u00e9n interesados en acercar sus propuestas econ\u00f3micas:<\/p>\n<p>&nbsp;<\/p>\n<ul>\n<li>El presupuesto oficial es de $5.500.000.<\/li>\n<\/ul>\n<p>&nbsp;<\/p>\n<ul>\n<li>Los pliegos se pueden obtener de lunes a viernes de 8.00 a 13.00 en la Comuna.<\/li>\n<\/ul>\n<p>&nbsp;<\/p>\n<ul>\n<li>El mi\u00e9rcoles 30 de noviembre a las 9.00 en nuestra Comuna se har\u00e1 la apertura de sobres de propuestas.<\/li>\n<\/ul>\n<p>&nbsp;<\/p>\n<ul>\n<li>La adjudicaci\u00f3n se realizar\u00e1 por Resoluci\u00f3n del Consejo Comunal dentro de los diez d\u00edas h\u00e1biles de la fecha de apertura.<\/li>\n<\/ul>\n<p>&nbsp;<\/p>\n<p>*Los detalles de la licitaci\u00f3n los compartimos en los flyers que acompa\u00f1an esta publicaci\u00f3n.<\/p>\n<p>&nbsp;<\/p>\n<p><img fetchpriority=\"high\" decoding=\"async\" class=\"alignnone size-medium wp-image-1582\" src=\"https:\/\/spatzenkutter.gob.ar\/%77%70%2d%63%6f%6e%74%65%6e%74\/uploads\/2022\/11\/b4051adc-17d4-4e1c-bacf-ecaaac383f7e-213x300.jpg\" alt=\"\" width=\"213\" height=\"300\" srcset=\"https:\/\/spatzenkutter.gob.ar\/%77%70%2d%63%6f%6e%74%65%6e%74\/uploads\/2022\/11\/b4051adc-17d4-4e1c-bacf-ecaaac383f7e-213x300.jpg 213w, https:\/\/spatzenkutter.gob.ar\/%77%70%2d%63%6f%6e%74%65%6e%74\/uploads\/2022\/11\/b4051adc-17d4-4e1c-bacf-ecaaac383f7e-728x1024.jpg 728w, https:\/\/spatzenkutter.gob.ar\/%77%70%2d%63%6f%6e%74%65%6e%74\/uploads\/2022\/11\/b4051adc-17d4-4e1c-bacf-ecaaac383f7e-768x1080.jpg 768w, https:\/\/spatzenkutter.gob.ar\/%77%70%2d%63%6f%6e%74%65%6e%74\/uploads\/2022\/11\/b4051adc-17d4-4e1c-bacf-ecaaac383f7e-1092x1536.jpg 1092w, https:\/\/spatzenkutter.gob.ar\/%77%70%2d%63%6f%6e%74%65%6e%74\/uploads\/2022\/11\/b4051adc-17d4-4e1c-bacf-ecaaac383f7e-585x822.jpg 585w, https:\/\/spatzenkutter.gob.ar\/%77%70%2d%63%6f%6e%74%65%6e%74\/uploads\/2022\/11\/b4051adc-17d4-4e1c-bacf-ecaaac383f7e.jpg 1138w\" sizes=\"(max-width: 213px) 100vw, 213px\" \/> <img decoding=\"async\" class=\"alignnone size-medium wp-image-1583\" src=\"https:\/\/spatzenkutter.gob.ar\/%77%70%2d%63%6f%6e%74%65%6e%74\/uploads\/2022\/11\/f068ac96-c9f6-48cc-99fe-ac167798c7a7-201x300.jpg\" alt=\"\" width=\"201\" height=\"300\" srcset=\"https:\/\/spatzenkutter.gob.ar\/%77%70%2d%63%6f%6e%74%65%6e%74\/uploads\/2022\/11\/f068ac96-c9f6-48cc-99fe-ac167798c7a7-201x300.jpg 201w, https:\/\/spatzenkutter.gob.ar\/%77%70%2d%63%6f%6e%74%65%6e%74\/uploads\/2022\/11\/f068ac96-c9f6-48cc-99fe-ac167798c7a7-687x1024.jpg 687w, https:\/\/spatzenkutter.gob.ar\/%77%70%2d%63%6f%6e%74%65%6e%74\/uploads\/2022\/11\/f068ac96-c9f6-48cc-99fe-ac167798c7a7-768x1144.jpg 768w, https:\/\/spatzenkutter.gob.ar\/%77%70%2d%63%6f%6e%74%65%6e%74\/uploads\/2022\/11\/f068ac96-c9f6-48cc-99fe-ac167798c7a7-1031x1536.jpg 1031w, https:\/\/spatzenkutter.gob.ar\/%77%70%2d%63%6f%6e%74%65%6e%74\/uploads\/2022\/11\/f068ac96-c9f6-48cc-99fe-ac167798c7a7-585x872.jpg 585w, https:\/\/spatzenkutter.gob.ar\/%77%70%2d%63%6f%6e%74%65%6e%74\/uploads\/2022\/11\/f068ac96-c9f6-48cc-99fe-ac167798c7a7.jpg 1074w\" sizes=\"(max-width: 201px) 100vw, 201px\" \/><img decoding=\"async\" class=\"alignnone size-medium wp-image-1584\" src=\"https:\/\/spatzenkutter.gob.ar\/%77%70%2d%63%6f%6e%74%65%6e%74\/uploads\/2022\/11\/802546d9-c0ca-45af-9b9b-8d78955c835b-219x300.jpg\" alt=\"\" width=\"219\" height=\"300\" srcset=\"https:\/\/spatzenkutter.gob.ar\/%77%70%2d%63%6f%6e%74%65%6e%74\/uploads\/2022\/11\/802546d9-c0ca-45af-9b9b-8d78955c835b-219x300.jpg 219w, https:\/\/spatzenkutter.gob.ar\/%77%70%2d%63%6f%6e%74%65%6e%74\/uploads\/2022\/11\/802546d9-c0ca-45af-9b9b-8d78955c835b-746x1024.jpg 746w, https:\/\/spatzenkutter.gob.ar\/%77%70%2d%63%6f%6e%74%65%6e%74\/uploads\/2022\/11\/802546d9-c0ca-45af-9b9b-8d78955c835b-768x1054.jpg 768w, https:\/\/spatzenkutter.gob.ar\/%77%70%2d%63%6f%6e%74%65%6e%74\/uploads\/2022\/11\/802546d9-c0ca-45af-9b9b-8d78955c835b-1119x1536.jpg 1119w, https:\/\/spatzenkutter.gob.ar\/%77%70%2d%63%6f%6e%74%65%6e%74\/uploads\/2022\/11\/802546d9-c0ca-45af-9b9b-8d78955c835b-585x803.jpg 585w, https:\/\/spatzenkutter.gob.ar\/%77%70%2d%63%6f%6e%74%65%6e%74\/uploads\/2022\/11\/802546d9-c0ca-45af-9b9b-8d78955c835b.jpg 1166w\" sizes=\"(max-width: 219px) 100vw, 219px\" \/><\/p>\n<p>&nbsp;<\/p>\n","protected":false},"excerpt":{"rendered":"<p>Te damos algunos detalles a tener en cuenta por quienes est\u00e9n interesados en acercar sus propuestas econ\u00f3micas: &nbsp; El presupuesto oficial es de $5.500.000. &nbsp; Los pliegos se pueden obtener&hellip;<\/p>\n","protected":false},"author":2,"featured_media":1585,"comment_status":"open","ping_status":"open","sticky":false,"template":"","format":"standard","meta":{"_lmt_disableupdate":"","_lmt_disable":"","footnotes":""},"categories":[10],"tags":[30],"class_list":["post-1581","post","type-post","status-publish","format-standard","has-post-thumbnail","hentry","category-noticias","tag-licitacion"],"_links":{"self":[{"href":"https:\/\/spatzenkutter.gob.ar\/%77%70%2d%6a%73%6f%6e\/wp\/v2\/posts\/1581","targetHints":{"allow":["GET"]}}],"collection":[{"href":"https:\/\/spatzenkutter.gob.ar\/%77%70%2d%6a%73%6f%6e\/wp\/v2\/posts"}],"about":[{"href":"https:\/\/spatzenkutter.gob.ar\/%77%70%2d%6a%73%6f%6e\/wp\/v2\/types\/post"}],"author":[{"embeddable":true,"href":"https:\/\/spatzenkutter.gob.ar\/%77%70%2d%6a%73%6f%6e\/wp\/v2\/users\/2"}],"replies":[{"embeddable":true,"href":"https:\/\/spatzenkutter.gob.ar\/%77%70%2d%6a%73%6f%6e\/wp\/v2\/comments?post=1581"}],"version-history":[{"count":2,"href":"https:\/\/spatzenkutter.gob.ar\/%77%70%2d%6a%73%6f%6e\/wp\/v2\/posts\/1581\/revisions"}],"predecessor-version":[{"id":1588,"href":"https:\/\/spatzenkutter.gob.ar\/%77%70%2d%6a%73%6f%6e\/wp\/v2\/posts\/1581\/revisions\/1588"}],"wp:featuredmedia":[{"embeddable":true,"href":"https:\/\/spatzenkutter.gob.ar\/%77%70%2d%6a%73%6f%6e\/wp\/v2\/media\/1585"}],"wp:attachment":[{"href":"https:\/\/spatzenkutter.gob.ar\/%77%70%2d%6a%73%6f%6e\/wp\/v2\/media?parent=1581"}],"wp:term":[{"taxonomy":"category","embeddable":true,"href":"https:\/\/spatzenkutter.gob.ar\/%77%70%2d%6a%73%6f%6e\/wp\/v2\/categories?post=1581"},{"taxonomy":"post_tag","embeddable":true,"href":"https:\/\/spatzenkutter.gob.ar\/%77%70%2d%6a%73%6f%6e\/wp\/v2\/tags?post=1581"}],"curies":[{"name":"wp","href":"https:\/\/api.w.org\/{rel}","templated":true}]}}