{"id":1590,"date":"2022-11-23T21:51:52","date_gmt":"2022-11-23T21:51:52","guid":{"rendered":"https:\/\/spatzenkutter.gob.ar\/?p=1590"},"modified":"2022-11-23T21:51:52","modified_gmt":"2022-11-23T21:51:52","slug":"la-navidad-se-viste-de-arte-en-spatzenkutter","status":"publish","type":"post","link":"https:\/\/spatzenkutter.gob.ar\/la-navidad-se-viste-de-arte-en-spatzenkutter\/","title":{"rendered":"La navidad se viste de arte en Spatzenkutter"},"content":{"rendered":"<p>Los artistas pl\u00e1sticos que participar\u00e1n ser\u00e1n Curadora Adriana Tessore, Mirtha Cagnani de Valentinuz, Moni Delbino, Cristina Cassaniti, Diego Basgall, Juan Villarraza, Marcela Pujol, C\u00e9sar Reniero, Agueda Rikert y Taller Comunal de Arte.<\/p>\n<p>Habr\u00e1 actividades relacionadas con la pintura, m\u00fasica, danza y canto, adem\u00e1s de patio gastron\u00f3mico, con la colaboraci\u00f3n general en la parte organizativa de la Comuna de Aldea Spatzenkutter.<\/p>\n","protected":false},"excerpt":{"rendered":"<p>Los artistas pl\u00e1sticos que participar\u00e1n ser\u00e1n Curadora Adriana Tessore, Mirtha Cagnani de Valentinuz, Moni Delbino, Cristina Cassaniti, Diego Basgall, Juan Villarraza, Marcela Pujol, C\u00e9sar Reniero, Agueda Rikert y Taller Comunal&hellip;<\/p>\n","protected":false},"author":2,"featured_media":1591,"comment_status":"open","ping_status":"open","sticky":false,"template":"","format":"standard","meta":{"_lmt_disableupdate":"","_lmt_disable":"","footnotes":""},"categories":[10],"tags":[31],"class_list":["post-1590","post","type-post","status-publish","format-standard","has-post-thumbnail","hentry","category-noticias","tag-navidad"],"_links":{"self":[{"href":"https:\/\/spatzenkutter.gob.ar\/%77%70%2d%6a%73%6f%6e\/wp\/v2\/posts\/1590","targetHints":{"allow":["GET"]}}],"collection":[{"href":"https:\/\/spatzenkutter.gob.ar\/%77%70%2d%6a%73%6f%6e\/wp\/v2\/posts"}],"about":[{"href":"https:\/\/spatzenkutter.gob.ar\/%77%70%2d%6a%73%6f%6e\/wp\/v2\/types\/post"}],"author":[{"embeddable":true,"href":"https:\/\/spatzenkutter.gob.ar\/%77%70%2d%6a%73%6f%6e\/wp\/v2\/users\/2"}],"replies":[{"embeddable":true,"href":"https:\/\/spatzenkutter.gob.ar\/%77%70%2d%6a%73%6f%6e\/wp\/v2\/comments?post=1590"}],"version-history":[{"count":1,"href":"https:\/\/spatzenkutter.gob.ar\/%77%70%2d%6a%73%6f%6e\/wp\/v2\/posts\/1590\/revisions"}],"predecessor-version":[{"id":1592,"href":"https:\/\/spatzenkutter.gob.ar\/%77%70%2d%6a%73%6f%6e\/wp\/v2\/posts\/1590\/revisions\/1592"}],"wp:featuredmedia":[{"embeddable":true,"href":"https:\/\/spatzenkutter.gob.ar\/%77%70%2d%6a%73%6f%6e\/wp\/v2\/media\/1591"}],"wp:attachment":[{"href":"https:\/\/spatzenkutter.gob.ar\/%77%70%2d%6a%73%6f%6e\/wp\/v2\/media?parent=1590"}],"wp:term":[{"taxonomy":"category","embeddable":true,"href":"https:\/\/spatzenkutter.gob.ar\/%77%70%2d%6a%73%6f%6e\/wp\/v2\/categories?post=1590"},{"taxonomy":"post_tag","embeddable":true,"href":"https:\/\/spatzenkutter.gob.ar\/%77%70%2d%6a%73%6f%6e\/wp\/v2\/tags?post=1590"}],"curies":[{"name":"wp","href":"https:\/\/api.w.org\/{rel}","templated":true}]}}