{"id":1597,"date":"2022-12-05T19:52:29","date_gmt":"2022-12-05T19:52:29","guid":{"rendered":"https:\/\/spatzenkutter.gob.ar\/?p=1597"},"modified":"2022-12-05T19:54:28","modified_gmt":"2022-12-05T19:54:28","slug":"nueva-nomenclatura-de-calles-en-spatzenkutter","status":"publish","type":"post","link":"https:\/\/spatzenkutter.gob.ar\/nueva-nomenclatura-de-calles-en-spatzenkutter\/","title":{"rendered":"Nueva nomenclatura de calles en Spatzenkutter"},"content":{"rendered":"<p><strong>Personal comunal realiz\u00f3 las bases para la nueva nomenclatura de calles de la aldea.\u00a0<\/strong><\/p>\n<p>&nbsp;<\/p>\n<p>Por otro lado, se trabaj\u00f3 en la fabricaci\u00f3n de columnas nuevas, cortadas a medida y pintadas.<\/p>\n<p>Se fabricaron adem\u00e1s las 300 grampas omega para la fijaci\u00f3n de la carteler\u00eda refractaria con el nombre de cada calle y los sentidos de circulaci\u00f3n.<\/p>\n","protected":false},"excerpt":{"rendered":"<p>Personal comunal realiz\u00f3 las bases para la nueva nomenclatura de calles de la aldea.\u00a0 &nbsp; Por otro lado, se trabaj\u00f3 en la fabricaci\u00f3n de columnas nuevas, cortadas a medida y&hellip;<\/p>\n","protected":false},"author":2,"featured_media":1600,"comment_status":"open","ping_status":"open","sticky":false,"template":"","format":"standard","meta":{"_lmt_disableupdate":"","_lmt_disable":"","footnotes":""},"categories":[10],"tags":[33],"class_list":["post-1597","post","type-post","status-publish","format-standard","has-post-thumbnail","hentry","category-noticias","tag-calles"],"_links":{"self":[{"href":"https:\/\/spatzenkutter.gob.ar\/%77%70%2d%6a%73%6f%6e\/wp\/v2\/posts\/1597","targetHints":{"allow":["GET"]}}],"collection":[{"href":"https:\/\/spatzenkutter.gob.ar\/%77%70%2d%6a%73%6f%6e\/wp\/v2\/posts"}],"about":[{"href":"https:\/\/spatzenkutter.gob.ar\/%77%70%2d%6a%73%6f%6e\/wp\/v2\/types\/post"}],"author":[{"embeddable":true,"href":"https:\/\/spatzenkutter.gob.ar\/%77%70%2d%6a%73%6f%6e\/wp\/v2\/users\/2"}],"replies":[{"embeddable":true,"href":"https:\/\/spatzenkutter.gob.ar\/%77%70%2d%6a%73%6f%6e\/wp\/v2\/comments?post=1597"}],"version-history":[{"count":1,"href":"https:\/\/spatzenkutter.gob.ar\/%77%70%2d%6a%73%6f%6e\/wp\/v2\/posts\/1597\/revisions"}],"predecessor-version":[{"id":1599,"href":"https:\/\/spatzenkutter.gob.ar\/%77%70%2d%6a%73%6f%6e\/wp\/v2\/posts\/1597\/revisions\/1599"}],"wp:featuredmedia":[{"embeddable":true,"href":"https:\/\/spatzenkutter.gob.ar\/%77%70%2d%6a%73%6f%6e\/wp\/v2\/media\/1600"}],"wp:attachment":[{"href":"https:\/\/spatzenkutter.gob.ar\/%77%70%2d%6a%73%6f%6e\/wp\/v2\/media?parent=1597"}],"wp:term":[{"taxonomy":"category","embeddable":true,"href":"https:\/\/spatzenkutter.gob.ar\/%77%70%2d%6a%73%6f%6e\/wp\/v2\/categories?post=1597"},{"taxonomy":"post_tag","embeddable":true,"href":"https:\/\/spatzenkutter.gob.ar\/%77%70%2d%6a%73%6f%6e\/wp\/v2\/tags?post=1597"}],"curies":[{"name":"wp","href":"https:\/\/api.w.org\/{rel}","templated":true}]}}