{"id":1602,"date":"2022-12-15T14:39:02","date_gmt":"2022-12-15T14:39:02","guid":{"rendered":"https:\/\/spatzenkutter.gob.ar\/?p=1602"},"modified":"2022-12-15T14:42:14","modified_gmt":"2022-12-15T14:42:14","slug":"1602-2","status":"publish","type":"post","link":"https:\/\/spatzenkutter.gob.ar\/1602-2\/","title":{"rendered":"No nos detenemos"},"content":{"rendered":"<p><strong>Semana de mucho movimiento en nuestra aldea.\u00a0<\/strong><\/p>\n<p>&nbsp;<\/p>\n<p>La Comuna acompa\u00f1\u00f3 el Acto de Egresados de la Promoci\u00f3n 2022 de la Escuela Secundaria N\u00ba 18 Juan L. Ort\u00edz. Los Bachilleres con orientaci\u00f3n en Administraci\u00f3n y Econom\u00eda son Rodrigo Bruselario, Gonzalo Alva, Joaqu\u00edn L\u00f3pez Coronel, Dana Kolman, Ail\u00e9n Scheschtel, \u00c1ngel Reisch, Maira Reisch y Maira Hepp.<\/p>\n<p>Por otro lado, comenzaron los trabajos de colocaci\u00f3n de las nuevas nomenclaturas en material refractario para avenidas y calles de la aldea. Adem\u00e1s, contin\u00faan los trabajos para dar por culminado el sal\u00f3n comunal. En esa oportunidad las tareas consisten en el revoque de la pared este. Estas mejoras permitir\u00e1n posteriormente realizar la pintura interior de ese espacio, a fin de que pueda constituirse como un espacio ideal y con comodidades para realizar todo tipo de eventos.<\/p>\n<p>&nbsp;<\/p>\n<p><strong>Clima navide\u00f1o <\/strong><\/p>\n<p>Con un nuevo \u00e1rbol de Navidad y un pesebre realizado en siluetas de madera, la Comuna adorn\u00f3 el espacio ubicado entre Ruta 11 y colectora 15 de Agosto. Otros adornos navide\u00f1os se ubican en la Plaza Libertad y en el Paseo de la Virgen, barrio de La Loma. Invitamos a las familias a sumarse adornando sus frentes a fin de que el esp\u00edritu navide\u00f1o llene de esperanza y paz a nuestra comunidad.<\/p>\n<p>&nbsp;<\/p>\n<p><strong>Secundaria de adultos <\/strong><\/p>\n<p>El pasado mi\u00e9rcoles 7 se realiz\u00f3 en la ciudad de Diamante el acto de egreso de la primera promoci\u00f3n\u00a0 del programa Oportunidades. Mediante este programa de tres a\u00f1os de duraci\u00f3n que combina la modalidad virtual con presencial\u00a0 han alcanzado su t\u00edtulo secundario dos personas de esta localidad: Norma Deiloff y Ester Deiloff, junto a otros estudiantes del Departamento Diamante.<\/p>\n<p>Presidio el acto la Directora Departamental de Escuelas Profesora Mar\u00eda Ester Camarada quien estuvo acompa\u00f1ada por la Directora de Educaci\u00f3n de Adultos del C.G.E., Prof. Elvira Arm\u00faa.<\/p>\n","protected":false},"excerpt":{"rendered":"<p>Semana de mucho movimiento en nuestra aldea.\u00a0 &nbsp; La Comuna acompa\u00f1\u00f3 el Acto de Egresados de la Promoci\u00f3n 2022 de la Escuela Secundaria N\u00ba 18 Juan L. Ort\u00edz. Los Bachilleres&hellip;<\/p>\n","protected":false},"author":2,"featured_media":1603,"comment_status":"open","ping_status":"open","sticky":false,"template":"","format":"standard","meta":{"_lmt_disableupdate":"","_lmt_disable":"","footnotes":""},"categories":[1],"tags":[],"class_list":["post-1602","post","type-post","status-publish","format-standard","has-post-thumbnail","hentry","category-sin-categoria"],"_links":{"self":[{"href":"https:\/\/spatzenkutter.gob.ar\/%77%70%2d%6a%73%6f%6e\/wp\/v2\/posts\/1602","targetHints":{"allow":["GET"]}}],"collection":[{"href":"https:\/\/spatzenkutter.gob.ar\/%77%70%2d%6a%73%6f%6e\/wp\/v2\/posts"}],"about":[{"href":"https:\/\/spatzenkutter.gob.ar\/%77%70%2d%6a%73%6f%6e\/wp\/v2\/types\/post"}],"author":[{"embeddable":true,"href":"https:\/\/spatzenkutter.gob.ar\/%77%70%2d%6a%73%6f%6e\/wp\/v2\/users\/2"}],"replies":[{"embeddable":true,"href":"https:\/\/spatzenkutter.gob.ar\/%77%70%2d%6a%73%6f%6e\/wp\/v2\/comments?post=1602"}],"version-history":[{"count":2,"href":"https:\/\/spatzenkutter.gob.ar\/%77%70%2d%6a%73%6f%6e\/wp\/v2\/posts\/1602\/revisions"}],"predecessor-version":[{"id":1605,"href":"https:\/\/spatzenkutter.gob.ar\/%77%70%2d%6a%73%6f%6e\/wp\/v2\/posts\/1602\/revisions\/1605"}],"wp:featuredmedia":[{"embeddable":true,"href":"https:\/\/spatzenkutter.gob.ar\/%77%70%2d%6a%73%6f%6e\/wp\/v2\/media\/1603"}],"wp:attachment":[{"href":"https:\/\/spatzenkutter.gob.ar\/%77%70%2d%6a%73%6f%6e\/wp\/v2\/media?parent=1602"}],"wp:term":[{"taxonomy":"category","embeddable":true,"href":"https:\/\/spatzenkutter.gob.ar\/%77%70%2d%6a%73%6f%6e\/wp\/v2\/categories?post=1602"},{"taxonomy":"post_tag","embeddable":true,"href":"https:\/\/spatzenkutter.gob.ar\/%77%70%2d%6a%73%6f%6e\/wp\/v2\/tags?post=1602"}],"curies":[{"name":"wp","href":"https:\/\/api.w.org\/{rel}","templated":true}]}}