{"id":1606,"date":"2022-12-19T19:44:42","date_gmt":"2022-12-19T19:44:42","guid":{"rendered":"https:\/\/spatzenkutter.gob.ar\/?p=1606"},"modified":"2022-12-19T19:44:42","modified_gmt":"2022-12-19T19:44:42","slug":"la-navidad-se-vistio-de-arte","status":"publish","type":"post","link":"https:\/\/spatzenkutter.gob.ar\/la-navidad-se-vistio-de-arte\/","title":{"rendered":"La Navidad se visti\u00f3 de arte"},"content":{"rendered":"<p>En Spatzenkutter se desarroll\u00f3 con \u00e9xito la propuesta denominada Entre R\u00edos en Sentimientos \u2013Arte en el campo-, en el atardecer del domingo 18 de diciembre, en el Museo Nuestras Ra\u00edces Alemanas, con entrada libre y gratuita.<\/p>\n<p>Participaron numerosos artistas pl\u00e1sticos y hubo actividades relacionadas con la pintura, la m\u00fasica, la danza y el canto, con la colaboraci\u00f3n general en la parte organizativa de la Comuna.<\/p>\n<p>Desde la Comuna agradecen a todos los vecinos que confiaron y participaron de la iniciativa.<\/p>\n","protected":false},"excerpt":{"rendered":"<p>En Spatzenkutter se desarroll\u00f3 con \u00e9xito la propuesta denominada Entre R\u00edos en Sentimientos \u2013Arte en el campo-, en el atardecer del domingo 18 de diciembre, en el Museo Nuestras Ra\u00edces&hellip;<\/p>\n","protected":false},"author":2,"featured_media":1607,"comment_status":"open","ping_status":"open","sticky":false,"template":"","format":"standard","meta":{"_lmt_disableupdate":"","_lmt_disable":"","footnotes":""},"categories":[10],"tags":[31],"class_list":["post-1606","post","type-post","status-publish","format-standard","has-post-thumbnail","hentry","category-noticias","tag-navidad"],"_links":{"self":[{"href":"https:\/\/spatzenkutter.gob.ar\/%77%70%2d%6a%73%6f%6e\/wp\/v2\/posts\/1606","targetHints":{"allow":["GET"]}}],"collection":[{"href":"https:\/\/spatzenkutter.gob.ar\/%77%70%2d%6a%73%6f%6e\/wp\/v2\/posts"}],"about":[{"href":"https:\/\/spatzenkutter.gob.ar\/%77%70%2d%6a%73%6f%6e\/wp\/v2\/types\/post"}],"author":[{"embeddable":true,"href":"https:\/\/spatzenkutter.gob.ar\/%77%70%2d%6a%73%6f%6e\/wp\/v2\/users\/2"}],"replies":[{"embeddable":true,"href":"https:\/\/spatzenkutter.gob.ar\/%77%70%2d%6a%73%6f%6e\/wp\/v2\/comments?post=1606"}],"version-history":[{"count":1,"href":"https:\/\/spatzenkutter.gob.ar\/%77%70%2d%6a%73%6f%6e\/wp\/v2\/posts\/1606\/revisions"}],"predecessor-version":[{"id":1608,"href":"https:\/\/spatzenkutter.gob.ar\/%77%70%2d%6a%73%6f%6e\/wp\/v2\/posts\/1606\/revisions\/1608"}],"wp:featuredmedia":[{"embeddable":true,"href":"https:\/\/spatzenkutter.gob.ar\/%77%70%2d%6a%73%6f%6e\/wp\/v2\/media\/1607"}],"wp:attachment":[{"href":"https:\/\/spatzenkutter.gob.ar\/%77%70%2d%6a%73%6f%6e\/wp\/v2\/media?parent=1606"}],"wp:term":[{"taxonomy":"category","embeddable":true,"href":"https:\/\/spatzenkutter.gob.ar\/%77%70%2d%6a%73%6f%6e\/wp\/v2\/categories?post=1606"},{"taxonomy":"post_tag","embeddable":true,"href":"https:\/\/spatzenkutter.gob.ar\/%77%70%2d%6a%73%6f%6e\/wp\/v2\/tags?post=1606"}],"curies":[{"name":"wp","href":"https:\/\/api.w.org\/{rel}","templated":true}]}}