{"id":161,"date":"2020-04-17T05:58:01","date_gmt":"2020-04-17T05:58:01","guid":{"rendered":"http:\/\/spatzenkutter.info\/?p=161"},"modified":"2024-10-25T14:14:24","modified_gmt":"2024-10-25T14:14:24","slug":"trabajo-en-el-embellecimiento-de-las-escuelas","status":"publish","type":"post","link":"https:\/\/spatzenkutter.gob.ar\/trabajo-en-el-embellecimiento-de-las-escuelas\/","title":{"rendered":"Trabajo en el embellecimiento de las Escuelas"},"content":{"rendered":"\n<p>La Directora Departamental de Escuelas Diamante junto al Presidente de la Comuna, Juan Lell, y a la Directora Malena Cepeda recorrieron las obras de pintura que a trav\u00e9s las Cooperativas del Plan Nacional y provincial Argentina trabaja han embellecido la Escuela Primaria y Secundaria de Spatzenkutter. Con el material que aport\u00f3 el diputado Jorge C\u00e1ceres, la Comuna de Spatzenkutter, la Direcci\u00f3n Dptal de Escuelas y la cooperadora del establecimiento. Muchas gracias a las personas de la Cooperativa que aportan la mano de obra y que con dedicaci\u00f3n han trabajado estos dos dias. Esta es la primer escuela del departamento Diamante. En la semana siguiente se continuar\u00e1 con 5 escuelas de la ciudad de Diamante. Y en segundo t\u00e9rmino con escuelas de Las Cuevas, Las Masitas, Costa Grande, Isletas y Gral Ramirez. Todo el 2020 las cooperativas estar\u00e1n realizando pintura y arreglos en las instituciones educativas para mejorar las instalaciones de nuestros estudiantes. Muchas gracias a quienes han permitido que este plan haya llegado a las escuelas del departamento Diamante!!!<\/p>\n\n\n\n<figure class=\"wp-block-gallery columns-3 is-cropped wp-block-gallery-2 is-layout-flex wp-block-gallery-is-layout-flex\"><ul class=\"blocks-gallery-grid\"><li class=\"blocks-gallery-item\"><figure><img fetchpriority=\"high\" decoding=\"async\" width=\"540\" height=\"960\" src=\"https:\/\/spatzenkutter.gob.ar\/%77%70%2d%63%6f%6e%74%65%6e%74\/uploads\/2020\/04\/92055248_143461710541717_5130389669736873984_n.jpg\" alt=\"\" data-id=\"162\" data-full-url=\"https:\/\/spatzenkutter.gob.ar\/%77%70%2d%63%6f%6e%74%65%6e%74\/uploads\/2020\/04\/92055248_143461710541717_5130389669736873984_n.jpg\" data-link=\"https:\/\/spatzenkutter.gob.ar\/?attachment_id=162\" class=\"wp-image-162\" srcset=\"https:\/\/spatzenkutter.gob.ar\/%77%70%2d%63%6f%6e%74%65%6e%74\/uploads\/2020\/04\/92055248_143461710541717_5130389669736873984_n.jpg 540w, https:\/\/spatzenkutter.gob.ar\/%77%70%2d%63%6f%6e%74%65%6e%74\/uploads\/2020\/04\/92055248_143461710541717_5130389669736873984_n-169x300.jpg 169w, https:\/\/spatzenkutter.gob.ar\/%77%70%2d%63%6f%6e%74%65%6e%74\/uploads\/2020\/04\/92055248_143461710541717_5130389669736873984_n-480x853.jpg 480w\" sizes=\"(max-width: 540px) 100vw, 540px\" \/><\/figure><\/li><li class=\"blocks-gallery-item\"><figure><img decoding=\"async\" width=\"540\" height=\"960\" src=\"https:\/\/spatzenkutter.gob.ar\/%77%70%2d%63%6f%6e%74%65%6e%74\/uploads\/2020\/04\/92023890_143461793875042_8728857241924403200_n.jpg\" alt=\"\" data-id=\"163\" data-full-url=\"https:\/\/spatzenkutter.gob.ar\/%77%70%2d%63%6f%6e%74%65%6e%74\/uploads\/2020\/04\/92023890_143461793875042_8728857241924403200_n.jpg\" data-link=\"https:\/\/spatzenkutter.gob.ar\/?attachment_id=163\" class=\"wp-image-163\" srcset=\"https:\/\/spatzenkutter.gob.ar\/%77%70%2d%63%6f%6e%74%65%6e%74\/uploads\/2020\/04\/92023890_143461793875042_8728857241924403200_n.jpg 540w, https:\/\/spatzenkutter.gob.ar\/%77%70%2d%63%6f%6e%74%65%6e%74\/uploads\/2020\/04\/92023890_143461793875042_8728857241924403200_n-169x300.jpg 169w, https:\/\/spatzenkutter.gob.ar\/%77%70%2d%63%6f%6e%74%65%6e%74\/uploads\/2020\/04\/92023890_143461793875042_8728857241924403200_n-480x853.jpg 480w\" sizes=\"(max-width: 540px) 100vw, 540px\" \/><\/figure><\/li><li class=\"blocks-gallery-item\"><figure><img decoding=\"async\" width=\"540\" height=\"960\" src=\"https:\/\/spatzenkutter.gob.ar\/%77%70%2d%63%6f%6e%74%65%6e%74\/uploads\/2020\/04\/91667391_143461607208394_4073949429999075328_n.jpg\" alt=\"\" data-id=\"164\" data-full-url=\"https:\/\/spatzenkutter.gob.ar\/%77%70%2d%63%6f%6e%74%65%6e%74\/uploads\/2020\/04\/91667391_143461607208394_4073949429999075328_n.jpg\" data-link=\"https:\/\/spatzenkutter.gob.ar\/?attachment_id=164\" class=\"wp-image-164\" srcset=\"https:\/\/spatzenkutter.gob.ar\/%77%70%2d%63%6f%6e%74%65%6e%74\/uploads\/2020\/04\/91667391_143461607208394_4073949429999075328_n.jpg 540w, https:\/\/spatzenkutter.gob.ar\/%77%70%2d%63%6f%6e%74%65%6e%74\/uploads\/2020\/04\/91667391_143461607208394_4073949429999075328_n-169x300.jpg 169w, https:\/\/spatzenkutter.gob.ar\/%77%70%2d%63%6f%6e%74%65%6e%74\/uploads\/2020\/04\/91667391_143461607208394_4073949429999075328_n-480x853.jpg 480w\" sizes=\"(max-width: 540px) 100vw, 540px\" \/><\/figure><\/li><li class=\"blocks-gallery-item\"><figure><img loading=\"lazy\" decoding=\"async\" width=\"540\" height=\"960\" src=\"https:\/\/spatzenkutter.gob.ar\/%77%70%2d%63%6f%6e%74%65%6e%74\/uploads\/2020\/04\/91861376_143461837208371_4147525578443980800_n.jpg\" alt=\"\" data-id=\"165\" data-full-url=\"https:\/\/spatzenkutter.gob.ar\/%77%70%2d%63%6f%6e%74%65%6e%74\/uploads\/2020\/04\/91861376_143461837208371_4147525578443980800_n.jpg\" data-link=\"https:\/\/spatzenkutter.gob.ar\/?attachment_id=165\" class=\"wp-image-165\" srcset=\"https:\/\/spatzenkutter.gob.ar\/%77%70%2d%63%6f%6e%74%65%6e%74\/uploads\/2020\/04\/91861376_143461837208371_4147525578443980800_n.jpg 540w, https:\/\/spatzenkutter.gob.ar\/%77%70%2d%63%6f%6e%74%65%6e%74\/uploads\/2020\/04\/91861376_143461837208371_4147525578443980800_n-169x300.jpg 169w, https:\/\/spatzenkutter.gob.ar\/%77%70%2d%63%6f%6e%74%65%6e%74\/uploads\/2020\/04\/91861376_143461837208371_4147525578443980800_n-480x853.jpg 480w\" sizes=\"(max-width: 540px) 100vw, 540px\" \/><\/figure><\/li><li class=\"blocks-gallery-item\"><figure><img loading=\"lazy\" decoding=\"async\" width=\"540\" height=\"960\" src=\"https:\/\/spatzenkutter.gob.ar\/%77%70%2d%63%6f%6e%74%65%6e%74\/uploads\/2020\/04\/92097987_143461760541712_7952042780727967744_n.jpg\" alt=\"\" data-id=\"166\" data-full-url=\"https:\/\/spatzenkutter.gob.ar\/%77%70%2d%63%6f%6e%74%65%6e%74\/uploads\/2020\/04\/92097987_143461760541712_7952042780727967744_n.jpg\" data-link=\"https:\/\/spatzenkutter.gob.ar\/?attachment_id=166\" class=\"wp-image-166\" srcset=\"https:\/\/spatzenkutter.gob.ar\/%77%70%2d%63%6f%6e%74%65%6e%74\/uploads\/2020\/04\/92097987_143461760541712_7952042780727967744_n.jpg 540w, https:\/\/spatzenkutter.gob.ar\/%77%70%2d%63%6f%6e%74%65%6e%74\/uploads\/2020\/04\/92097987_143461760541712_7952042780727967744_n-169x300.jpg 169w, https:\/\/spatzenkutter.gob.ar\/%77%70%2d%63%6f%6e%74%65%6e%74\/uploads\/2020\/04\/92097987_143461760541712_7952042780727967744_n-480x853.jpg 480w\" sizes=\"(max-width: 540px) 100vw, 540px\" \/><\/figure><\/li><li class=\"blocks-gallery-item\"><figure><img loading=\"lazy\" decoding=\"async\" width=\"540\" height=\"960\" src=\"https:\/\/spatzenkutter.gob.ar\/%77%70%2d%63%6f%6e%74%65%6e%74\/uploads\/2020\/04\/91835649_143461753875046_6883876485703139328_n.jpg\" alt=\"\" data-id=\"167\" data-full-url=\"https:\/\/spatzenkutter.gob.ar\/%77%70%2d%63%6f%6e%74%65%6e%74\/uploads\/2020\/04\/91835649_143461753875046_6883876485703139328_n.jpg\" data-link=\"https:\/\/spatzenkutter.gob.ar\/?attachment_id=167\" class=\"wp-image-167\" srcset=\"https:\/\/spatzenkutter.gob.ar\/%77%70%2d%63%6f%6e%74%65%6e%74\/uploads\/2020\/04\/91835649_143461753875046_6883876485703139328_n.jpg 540w, https:\/\/spatzenkutter.gob.ar\/%77%70%2d%63%6f%6e%74%65%6e%74\/uploads\/2020\/04\/91835649_143461753875046_6883876485703139328_n-169x300.jpg 169w, https:\/\/spatzenkutter.gob.ar\/%77%70%2d%63%6f%6e%74%65%6e%74\/uploads\/2020\/04\/91835649_143461753875046_6883876485703139328_n-480x853.jpg 480w\" sizes=\"(max-width: 540px) 100vw, 540px\" \/><\/figure><\/li><li class=\"blocks-gallery-item\"><figure><img loading=\"lazy\" decoding=\"async\" width=\"540\" height=\"960\" src=\"https:\/\/spatzenkutter.gob.ar\/%77%70%2d%63%6f%6e%74%65%6e%74\/uploads\/2020\/04\/91837900_143461693875052_7848261759377866752_n.jpg\" alt=\"\" data-id=\"168\" data-full-url=\"https:\/\/spatzenkutter.gob.ar\/%77%70%2d%63%6f%6e%74%65%6e%74\/uploads\/2020\/04\/91837900_143461693875052_7848261759377866752_n.jpg\" data-link=\"https:\/\/spatzenkutter.gob.ar\/?attachment_id=168\" class=\"wp-image-168\" srcset=\"https:\/\/spatzenkutter.gob.ar\/%77%70%2d%63%6f%6e%74%65%6e%74\/uploads\/2020\/04\/91837900_143461693875052_7848261759377866752_n.jpg 540w, https:\/\/spatzenkutter.gob.ar\/%77%70%2d%63%6f%6e%74%65%6e%74\/uploads\/2020\/04\/91837900_143461693875052_7848261759377866752_n-169x300.jpg 169w, https:\/\/spatzenkutter.gob.ar\/%77%70%2d%63%6f%6e%74%65%6e%74\/uploads\/2020\/04\/91837900_143461693875052_7848261759377866752_n-480x853.jpg 480w\" sizes=\"(max-width: 540px) 100vw, 540px\" \/><\/figure><\/li><li class=\"blocks-gallery-item\"><figure><img loading=\"lazy\" decoding=\"async\" width=\"540\" height=\"960\" src=\"https:\/\/spatzenkutter.gob.ar\/%77%70%2d%63%6f%6e%74%65%6e%74\/uploads\/2020\/04\/91547440_143461780541710_2843146604809027584_n.jpg\" alt=\"\" data-id=\"169\" data-full-url=\"https:\/\/spatzenkutter.gob.ar\/%77%70%2d%63%6f%6e%74%65%6e%74\/uploads\/2020\/04\/91547440_143461780541710_2843146604809027584_n.jpg\" data-link=\"https:\/\/spatzenkutter.gob.ar\/?attachment_id=169\" class=\"wp-image-169\" srcset=\"https:\/\/spatzenkutter.gob.ar\/%77%70%2d%63%6f%6e%74%65%6e%74\/uploads\/2020\/04\/91547440_143461780541710_2843146604809027584_n.jpg 540w, https:\/\/spatzenkutter.gob.ar\/%77%70%2d%63%6f%6e%74%65%6e%74\/uploads\/2020\/04\/91547440_143461780541710_2843146604809027584_n-169x300.jpg 169w, https:\/\/spatzenkutter.gob.ar\/%77%70%2d%63%6f%6e%74%65%6e%74\/uploads\/2020\/04\/91547440_143461780541710_2843146604809027584_n-480x853.jpg 480w\" sizes=\"(max-width: 540px) 100vw, 540px\" \/><\/figure><\/li><li class=\"blocks-gallery-item\"><figure><img loading=\"lazy\" decoding=\"async\" width=\"540\" height=\"960\" src=\"https:\/\/spatzenkutter.gob.ar\/%77%70%2d%63%6f%6e%74%65%6e%74\/uploads\/2020\/04\/92059970_143461830541705_8369632825896337408_n.jpg\" alt=\"\" data-id=\"170\" data-full-url=\"https:\/\/spatzenkutter.gob.ar\/%77%70%2d%63%6f%6e%74%65%6e%74\/uploads\/2020\/04\/92059970_143461830541705_8369632825896337408_n.jpg\" data-link=\"https:\/\/spatzenkutter.gob.ar\/?attachment_id=170\" class=\"wp-image-170\" srcset=\"https:\/\/spatzenkutter.gob.ar\/%77%70%2d%63%6f%6e%74%65%6e%74\/uploads\/2020\/04\/92059970_143461830541705_8369632825896337408_n.jpg 540w, https:\/\/spatzenkutter.gob.ar\/%77%70%2d%63%6f%6e%74%65%6e%74\/uploads\/2020\/04\/92059970_143461830541705_8369632825896337408_n-169x300.jpg 169w, https:\/\/spatzenkutter.gob.ar\/%77%70%2d%63%6f%6e%74%65%6e%74\/uploads\/2020\/04\/92059970_143461830541705_8369632825896337408_n-480x853.jpg 480w\" sizes=\"(max-width: 540px) 100vw, 540px\" \/><\/figure><\/li><li class=\"blocks-gallery-item\"><figure><img loading=\"lazy\" decoding=\"async\" width=\"540\" height=\"960\" src=\"https:\/\/spatzenkutter.gob.ar\/%77%70%2d%63%6f%6e%74%65%6e%74\/uploads\/2020\/04\/91922302_143461593875062_6888213084117139456_n.jpg\" alt=\"\" data-id=\"171\" data-full-url=\"https:\/\/spatzenkutter.gob.ar\/%77%70%2d%63%6f%6e%74%65%6e%74\/uploads\/2020\/04\/91922302_143461593875062_6888213084117139456_n.jpg\" data-link=\"https:\/\/spatzenkutter.gob.ar\/?attachment_id=171\" class=\"wp-image-171\" srcset=\"https:\/\/spatzenkutter.gob.ar\/%77%70%2d%63%6f%6e%74%65%6e%74\/uploads\/2020\/04\/91922302_143461593875062_6888213084117139456_n.jpg 540w, https:\/\/spatzenkutter.gob.ar\/%77%70%2d%63%6f%6e%74%65%6e%74\/uploads\/2020\/04\/91922302_143461593875062_6888213084117139456_n-169x300.jpg 169w, https:\/\/spatzenkutter.gob.ar\/%77%70%2d%63%6f%6e%74%65%6e%74\/uploads\/2020\/04\/91922302_143461593875062_6888213084117139456_n-480x853.jpg 480w\" sizes=\"(max-width: 540px) 100vw, 540px\" \/><\/figure><\/li><\/ul><\/figure>\n","protected":false},"excerpt":{"rendered":"<p>La Directora Departamental de Escuelas Diamante junto al Presidente de la Comuna, Juan Lell, y a la Directora Malena Cepeda recorrieron las obras de pintura que a trav\u00e9s las Cooperativas&hellip;<\/p>\n","protected":false},"author":1,"featured_media":171,"comment_status":"open","ping_status":"open","sticky":false,"template":"","format":"standard","meta":{"_lmt_disableupdate":"","_lmt_disable":"","footnotes":""},"categories":[10],"tags":[9],"class_list":["post-161","post","type-post","status-publish","format-standard","has-post-thumbnail","hentry","category-noticias","tag-covid-19"],"_links":{"self":[{"href":"https:\/\/spatzenkutter.gob.ar\/%77%70%2d%6a%73%6f%6e\/wp\/v2\/posts\/161","targetHints":{"allow":["GET"]}}],"collection":[{"href":"https:\/\/spatzenkutter.gob.ar\/%77%70%2d%6a%73%6f%6e\/wp\/v2\/posts"}],"about":[{"href":"https:\/\/spatzenkutter.gob.ar\/%77%70%2d%6a%73%6f%6e\/wp\/v2\/types\/post"}],"author":[{"embeddable":true,"href":"https:\/\/spatzenkutter.gob.ar\/%77%70%2d%6a%73%6f%6e\/wp\/v2\/users\/1"}],"replies":[{"embeddable":true,"href":"https:\/\/spatzenkutter.gob.ar\/%77%70%2d%6a%73%6f%6e\/wp\/v2\/comments?post=161"}],"version-history":[{"count":9,"href":"https:\/\/spatzenkutter.gob.ar\/%77%70%2d%6a%73%6f%6e\/wp\/v2\/posts\/161\/revisions"}],"predecessor-version":[{"id":2329,"href":"https:\/\/spatzenkutter.gob.ar\/%77%70%2d%6a%73%6f%6e\/wp\/v2\/posts\/161\/revisions\/2329"}],"wp:featuredmedia":[{"embeddable":true,"href":"https:\/\/spatzenkutter.gob.ar\/%77%70%2d%6a%73%6f%6e\/wp\/v2\/media\/171"}],"wp:attachment":[{"href":"https:\/\/spatzenkutter.gob.ar\/%77%70%2d%6a%73%6f%6e\/wp\/v2\/media?parent=161"}],"wp:term":[{"taxonomy":"category","embeddable":true,"href":"https:\/\/spatzenkutter.gob.ar\/%77%70%2d%6a%73%6f%6e\/wp\/v2\/categories?post=161"},{"taxonomy":"post_tag","embeddable":true,"href":"https:\/\/spatzenkutter.gob.ar\/%77%70%2d%6a%73%6f%6e\/wp\/v2\/tags?post=161"}],"curies":[{"name":"wp","href":"https:\/\/api.w.org\/{rel}","templated":true}]}}