{"id":1613,"date":"2023-02-01T14:50:54","date_gmt":"2023-02-01T14:50:54","guid":{"rendered":"https:\/\/spatzenkutter.gob.ar\/?p=1613"},"modified":"2023-02-01T14:50:54","modified_gmt":"2023-02-01T14:50:54","slug":"proponemos-un-verano-en-movimiento","status":"publish","type":"post","link":"https:\/\/spatzenkutter.gob.ar\/proponemos-un-verano-en-movimiento\/","title":{"rendered":"Proponemos un verano en movimiento"},"content":{"rendered":"<p>&nbsp;<\/p>\n<p><strong>\u00a0<\/strong><\/p>\n<p>A partir de este s\u00e1bado 4 de febrero el Museo local abre sus puertas luego del receso de verano. Los interesados en visitarlo podr\u00e1n hacerlo los d\u00edas s\u00e1bados desde las 17.00 hasta las 20.00.<\/p>\n<p>El Museo ofrece su exposici\u00f3n permanente de objetos y patrimonio de los Alemanes del Volga.<\/p>\n<p>Adem\u00e1s, se podr\u00e1 disfrutar de la exposici\u00f3n \u201cDe madrugadas lluviosas y vidas r\u00fasticas\u201d. Constituye un homenaje a los tamberos y carreros lecheros que le dieron vida, durante varias d\u00e9cadas del siglo pasado, a esta aldea y la zona, cuando la lecher\u00eda constitu\u00eda un pilar de la econom\u00eda.<\/p>\n<p>La muestra estar\u00e1 vigente durante todo febrero.<\/p>\n<p>&nbsp;<\/p>\n<p>&nbsp;<\/p>\n<p><strong>Retoman actividades los talleres deportivos <\/strong><\/p>\n<p>En febrero dar\u00e1n comienzo las actividades deportivas que se dictan desde la Comuna local.<\/p>\n<p>El taller de gimnasia funcional comenzar\u00e1 el lunes 6 y se dictar\u00e1 los lunes y mi\u00e9rcoles desde las 18.00 hasta las 19.00 para los adultos mayores y desde las 19:15 hasta las 20:15 para j\u00f3venes y adultos.<\/p>\n<p>El de f\u00fatbol infantil dar\u00e1 inicio el martes 7 y se dictar\u00e1 los martes y jueves de 18.00 a 19.00.<\/p>\n<p>Son gratuitos y los interesados en asistir pueden comunicarse con la Comuna llamando al n\u00famero 4999107.<\/p>\n","protected":false},"excerpt":{"rendered":"<p>&nbsp; \u00a0 A partir de este s\u00e1bado 4 de febrero el Museo local abre sus puertas luego del receso de verano. Los interesados en visitarlo podr\u00e1n hacerlo los d\u00edas s\u00e1bados&hellip;<\/p>\n","protected":false},"author":2,"featured_media":1614,"comment_status":"open","ping_status":"open","sticky":false,"template":"","format":"standard","meta":{"_lmt_disableupdate":"","_lmt_disable":"","footnotes":""},"categories":[10],"tags":[],"class_list":["post-1613","post","type-post","status-publish","format-standard","has-post-thumbnail","hentry","category-noticias"],"_links":{"self":[{"href":"https:\/\/spatzenkutter.gob.ar\/%77%70%2d%6a%73%6f%6e\/wp\/v2\/posts\/1613","targetHints":{"allow":["GET"]}}],"collection":[{"href":"https:\/\/spatzenkutter.gob.ar\/%77%70%2d%6a%73%6f%6e\/wp\/v2\/posts"}],"about":[{"href":"https:\/\/spatzenkutter.gob.ar\/%77%70%2d%6a%73%6f%6e\/wp\/v2\/types\/post"}],"author":[{"embeddable":true,"href":"https:\/\/spatzenkutter.gob.ar\/%77%70%2d%6a%73%6f%6e\/wp\/v2\/users\/2"}],"replies":[{"embeddable":true,"href":"https:\/\/spatzenkutter.gob.ar\/%77%70%2d%6a%73%6f%6e\/wp\/v2\/comments?post=1613"}],"version-history":[{"count":1,"href":"https:\/\/spatzenkutter.gob.ar\/%77%70%2d%6a%73%6f%6e\/wp\/v2\/posts\/1613\/revisions"}],"predecessor-version":[{"id":1615,"href":"https:\/\/spatzenkutter.gob.ar\/%77%70%2d%6a%73%6f%6e\/wp\/v2\/posts\/1613\/revisions\/1615"}],"wp:featuredmedia":[{"embeddable":true,"href":"https:\/\/spatzenkutter.gob.ar\/%77%70%2d%6a%73%6f%6e\/wp\/v2\/media\/1614"}],"wp:attachment":[{"href":"https:\/\/spatzenkutter.gob.ar\/%77%70%2d%6a%73%6f%6e\/wp\/v2\/media?parent=1613"}],"wp:term":[{"taxonomy":"category","embeddable":true,"href":"https:\/\/spatzenkutter.gob.ar\/%77%70%2d%6a%73%6f%6e\/wp\/v2\/categories?post=1613"},{"taxonomy":"post_tag","embeddable":true,"href":"https:\/\/spatzenkutter.gob.ar\/%77%70%2d%6a%73%6f%6e\/wp\/v2\/tags?post=1613"}],"curies":[{"name":"wp","href":"https:\/\/api.w.org\/{rel}","templated":true}]}}