{"id":1642,"date":"2023-02-24T12:46:59","date_gmt":"2023-02-24T12:46:59","guid":{"rendered":"https:\/\/spatzenkutter.gob.ar\/?p=1642"},"modified":"2023-02-24T12:46:59","modified_gmt":"2023-02-24T12:46:59","slug":"sesion-extraordinaria-del-consejo-comunal-en-spatzenkutter","status":"publish","type":"post","link":"https:\/\/spatzenkutter.gob.ar\/sesion-extraordinaria-del-consejo-comunal-en-spatzenkutter\/","title":{"rendered":"Sesi\u00f3n extraordinaria del Consejo Comunal en Spatzenkutter"},"content":{"rendered":"<p>Se llev\u00f3 a cabo el jueves 23 de febrero a las 19.30 la primera sesi\u00f3n del Consejo Comunal, con un Orden del D\u00eda que incluy\u00f3 un Proyecto de ordenanza para la modificaci\u00f3n y ampliaci\u00f3n presupuestaria 2023 y otro para una obra de pavimentaci\u00f3n, siendo ambas aprobadas por unanimidad.<\/p>\n<p>Esta Sesi\u00f3n Comunal fue hist\u00f3rica para el Consejo. Se sesion\u00f3 por primera vez en la nueva sala de Sesiones.<\/p>\n<p>Felicitamos y agradecemos al equipo Comunal y al Consejo por haber trabajado en un espacio de armon\u00eda, responsabilidad, transparencia y pluralidad democr\u00e1tica.<\/p>\n","protected":false},"excerpt":{"rendered":"<p>Se llev\u00f3 a cabo el jueves 23 de febrero a las 19.30 la primera sesi\u00f3n del Consejo Comunal, con un Orden del D\u00eda que incluy\u00f3 un Proyecto de ordenanza para&hellip;<\/p>\n","protected":false},"author":2,"featured_media":1643,"comment_status":"open","ping_status":"open","sticky":false,"template":"","format":"standard","meta":{"_lmt_disableupdate":"","_lmt_disable":"","footnotes":""},"categories":[10],"tags":[42],"class_list":["post-1642","post","type-post","status-publish","format-standard","has-post-thumbnail","hentry","category-noticias","tag-consejo-comunal"],"_links":{"self":[{"href":"https:\/\/spatzenkutter.gob.ar\/%77%70%2d%6a%73%6f%6e\/wp\/v2\/posts\/1642","targetHints":{"allow":["GET"]}}],"collection":[{"href":"https:\/\/spatzenkutter.gob.ar\/%77%70%2d%6a%73%6f%6e\/wp\/v2\/posts"}],"about":[{"href":"https:\/\/spatzenkutter.gob.ar\/%77%70%2d%6a%73%6f%6e\/wp\/v2\/types\/post"}],"author":[{"embeddable":true,"href":"https:\/\/spatzenkutter.gob.ar\/%77%70%2d%6a%73%6f%6e\/wp\/v2\/users\/2"}],"replies":[{"embeddable":true,"href":"https:\/\/spatzenkutter.gob.ar\/%77%70%2d%6a%73%6f%6e\/wp\/v2\/comments?post=1642"}],"version-history":[{"count":1,"href":"https:\/\/spatzenkutter.gob.ar\/%77%70%2d%6a%73%6f%6e\/wp\/v2\/posts\/1642\/revisions"}],"predecessor-version":[{"id":1644,"href":"https:\/\/spatzenkutter.gob.ar\/%77%70%2d%6a%73%6f%6e\/wp\/v2\/posts\/1642\/revisions\/1644"}],"wp:featuredmedia":[{"embeddable":true,"href":"https:\/\/spatzenkutter.gob.ar\/%77%70%2d%6a%73%6f%6e\/wp\/v2\/media\/1643"}],"wp:attachment":[{"href":"https:\/\/spatzenkutter.gob.ar\/%77%70%2d%6a%73%6f%6e\/wp\/v2\/media?parent=1642"}],"wp:term":[{"taxonomy":"category","embeddable":true,"href":"https:\/\/spatzenkutter.gob.ar\/%77%70%2d%6a%73%6f%6e\/wp\/v2\/categories?post=1642"},{"taxonomy":"post_tag","embeddable":true,"href":"https:\/\/spatzenkutter.gob.ar\/%77%70%2d%6a%73%6f%6e\/wp\/v2\/tags?post=1642"}],"curies":[{"name":"wp","href":"https:\/\/api.w.org\/{rel}","templated":true}]}}