{"id":1675,"date":"2023-03-07T19:36:32","date_gmt":"2023-03-07T19:36:32","guid":{"rendered":"https:\/\/spatzenkutter.gob.ar\/?p=1675"},"modified":"2023-03-07T19:36:32","modified_gmt":"2023-03-07T19:36:32","slug":"totems-digitales-indicadores-de-velocidad","status":"publish","type":"post","link":"https:\/\/spatzenkutter.gob.ar\/totems-digitales-indicadores-de-velocidad\/","title":{"rendered":"T\u00f3tems digitales indicadores de velocidad"},"content":{"rendered":"<p>El martes 7 de marzo se colocaron t\u00f3tems digitales indicadores de velocidad en el ingreso de Aldea Spatzenkutter, en ambos sentidos (norte y sur).<\/p>\n<p>Estos indicadores informan a los automovilistas la velocidad con la que ingresan a la zona urbana de la aldea, a fin de concientizar a quienes transitan por Ruta Provincial 11. Adem\u00e1s, se colocar\u00e1n nuevos sem\u00e1foros intermitentes en cada punto.<\/p>\n<p>La Comuna agradece la colaboraci\u00f3n de las Comisar\u00edas de Valle Mar\u00eda y Alvear. Tambi\u00e9n a la Municipalidad de Valle Mar\u00eda, por colaborar en la realizaci\u00f3n de los trabajos necesarios.<\/p>\n","protected":false},"excerpt":{"rendered":"<p>El martes 7 de marzo se colocaron t\u00f3tems digitales indicadores de velocidad en el ingreso de Aldea Spatzenkutter, en ambos sentidos (norte y sur). Estos indicadores informan a los automovilistas&hellip;<\/p>\n","protected":false},"author":2,"featured_media":1676,"comment_status":"open","ping_status":"open","sticky":false,"template":"","format":"standard","meta":{"_lmt_disableupdate":"","_lmt_disable":"","footnotes":""},"categories":[10],"tags":[46],"class_list":["post-1675","post","type-post","status-publish","format-standard","has-post-thumbnail","hentry","category-noticias","tag-totems"],"_links":{"self":[{"href":"https:\/\/spatzenkutter.gob.ar\/%77%70%2d%6a%73%6f%6e\/wp\/v2\/posts\/1675","targetHints":{"allow":["GET"]}}],"collection":[{"href":"https:\/\/spatzenkutter.gob.ar\/%77%70%2d%6a%73%6f%6e\/wp\/v2\/posts"}],"about":[{"href":"https:\/\/spatzenkutter.gob.ar\/%77%70%2d%6a%73%6f%6e\/wp\/v2\/types\/post"}],"author":[{"embeddable":true,"href":"https:\/\/spatzenkutter.gob.ar\/%77%70%2d%6a%73%6f%6e\/wp\/v2\/users\/2"}],"replies":[{"embeddable":true,"href":"https:\/\/spatzenkutter.gob.ar\/%77%70%2d%6a%73%6f%6e\/wp\/v2\/comments?post=1675"}],"version-history":[{"count":2,"href":"https:\/\/spatzenkutter.gob.ar\/%77%70%2d%6a%73%6f%6e\/wp\/v2\/posts\/1675\/revisions"}],"predecessor-version":[{"id":1678,"href":"https:\/\/spatzenkutter.gob.ar\/%77%70%2d%6a%73%6f%6e\/wp\/v2\/posts\/1675\/revisions\/1678"}],"wp:featuredmedia":[{"embeddable":true,"href":"https:\/\/spatzenkutter.gob.ar\/%77%70%2d%6a%73%6f%6e\/wp\/v2\/media\/1676"}],"wp:attachment":[{"href":"https:\/\/spatzenkutter.gob.ar\/%77%70%2d%6a%73%6f%6e\/wp\/v2\/media?parent=1675"}],"wp:term":[{"taxonomy":"category","embeddable":true,"href":"https:\/\/spatzenkutter.gob.ar\/%77%70%2d%6a%73%6f%6e\/wp\/v2\/categories?post=1675"},{"taxonomy":"post_tag","embeddable":true,"href":"https:\/\/spatzenkutter.gob.ar\/%77%70%2d%6a%73%6f%6e\/wp\/v2\/tags?post=1675"}],"curies":[{"name":"wp","href":"https:\/\/api.w.org\/{rel}","templated":true}]}}