{"id":1679,"date":"2023-03-08T20:43:19","date_gmt":"2023-03-08T20:43:19","guid":{"rendered":"https:\/\/spatzenkutter.gob.ar\/?p=1679"},"modified":"2023-03-08T20:43:19","modified_gmt":"2023-03-08T20:43:19","slug":"spatzenkutter-quiere-afianzarse-como-destino-turistico","status":"publish","type":"post","link":"https:\/\/spatzenkutter.gob.ar\/spatzenkutter-quiere-afianzarse-como-destino-turistico\/","title":{"rendered":"Spatzenkutter quiere afianzarse como destino tur\u00edstico"},"content":{"rendered":"<p>El mi\u00e9rcoles 8 de marzo a las 9.00 la Comuna mantuvo nuna primera reuni\u00f3n con Guitpa Codepa, en el marco de futuros proyectos tur\u00edsticos y culturales que se est\u00e1n analizando para que la aldea sea un destino tur\u00edstico.<\/p>\n<p>Estuvieron Alfredo Marco, presidente de de Codepa (Corporaci\u00f3n para el desarrollo de Paran\u00e1); Jorgelina Cavor, presidenta de Guitpa (Gu\u00eda tur\u00edstica del Paran\u00e1), Vanina P\u00e9rez Elena y Silvia Vitale, adem\u00e1s de Fabricio Ceballos, Secretario de turismo y cultura de la Comuna de Spatzenkutter.<\/p>\n<p>El siguiente paso en carpeta es un futuro recorrido por los puntos atractivos tur\u00edsticos de Spatzenkutter y la coordinaci\u00f3n para la capacitaci\u00f3n de los recursos humanos necesarios.<\/p>\n","protected":false},"excerpt":{"rendered":"<p>El mi\u00e9rcoles 8 de marzo a las 9.00 la Comuna mantuvo nuna primera reuni\u00f3n con Guitpa Codepa, en el marco de futuros proyectos tur\u00edsticos y culturales que se est\u00e1n analizando&hellip;<\/p>\n","protected":false},"author":2,"featured_media":1680,"comment_status":"open","ping_status":"open","sticky":false,"template":"","format":"standard","meta":{"_lmt_disableupdate":"","_lmt_disable":"","footnotes":""},"categories":[10],"tags":[47],"class_list":["post-1679","post","type-post","status-publish","format-standard","has-post-thumbnail","hentry","category-noticias","tag-turismo"],"_links":{"self":[{"href":"https:\/\/spatzenkutter.gob.ar\/%77%70%2d%6a%73%6f%6e\/wp\/v2\/posts\/1679","targetHints":{"allow":["GET"]}}],"collection":[{"href":"https:\/\/spatzenkutter.gob.ar\/%77%70%2d%6a%73%6f%6e\/wp\/v2\/posts"}],"about":[{"href":"https:\/\/spatzenkutter.gob.ar\/%77%70%2d%6a%73%6f%6e\/wp\/v2\/types\/post"}],"author":[{"embeddable":true,"href":"https:\/\/spatzenkutter.gob.ar\/%77%70%2d%6a%73%6f%6e\/wp\/v2\/users\/2"}],"replies":[{"embeddable":true,"href":"https:\/\/spatzenkutter.gob.ar\/%77%70%2d%6a%73%6f%6e\/wp\/v2\/comments?post=1679"}],"version-history":[{"count":1,"href":"https:\/\/spatzenkutter.gob.ar\/%77%70%2d%6a%73%6f%6e\/wp\/v2\/posts\/1679\/revisions"}],"predecessor-version":[{"id":1681,"href":"https:\/\/spatzenkutter.gob.ar\/%77%70%2d%6a%73%6f%6e\/wp\/v2\/posts\/1679\/revisions\/1681"}],"wp:featuredmedia":[{"embeddable":true,"href":"https:\/\/spatzenkutter.gob.ar\/%77%70%2d%6a%73%6f%6e\/wp\/v2\/media\/1680"}],"wp:attachment":[{"href":"https:\/\/spatzenkutter.gob.ar\/%77%70%2d%6a%73%6f%6e\/wp\/v2\/media?parent=1679"}],"wp:term":[{"taxonomy":"category","embeddable":true,"href":"https:\/\/spatzenkutter.gob.ar\/%77%70%2d%6a%73%6f%6e\/wp\/v2\/categories?post=1679"},{"taxonomy":"post_tag","embeddable":true,"href":"https:\/\/spatzenkutter.gob.ar\/%77%70%2d%6a%73%6f%6e\/wp\/v2\/tags?post=1679"}],"curies":[{"name":"wp","href":"https:\/\/api.w.org\/{rel}","templated":true}]}}