{"id":1682,"date":"2023-03-09T21:36:32","date_gmt":"2023-03-09T21:36:32","guid":{"rendered":"https:\/\/spatzenkutter.gob.ar\/?p=1682"},"modified":"2023-03-09T21:36:32","modified_gmt":"2023-03-09T21:36:32","slug":"jueves-de-anuncios-importantes","status":"publish","type":"post","link":"https:\/\/spatzenkutter.gob.ar\/jueves-de-anuncios-importantes\/","title":{"rendered":"Jueves de anuncios importantes"},"content":{"rendered":"<p>Por un lado, confirmamos la construcci\u00f3n de una nueva cancha de Beach V\u00f3ley. Est\u00e1 diagramada en el predio del CAJU.<\/p>\n<p>Este viernes comienzan los trabajos para la construcci\u00f3n, entendiendo que diversificar con distintas pr\u00e1cticas el deporte es tarea fundamental para el desarrollo de la localidad.<\/p>\n<p>&nbsp;<\/p>\n<p><img fetchpriority=\"high\" decoding=\"async\" class=\"alignnone size-full wp-image-1684\" src=\"https:\/\/spatzenkutter.gob.ar\/%77%70%2d%63%6f%6e%74%65%6e%74\/uploads\/2023\/03\/335432138_660768075820930_3400127710425509389_n.jpg\" alt=\"\" width=\"720\" height=\"720\" srcset=\"https:\/\/spatzenkutter.gob.ar\/%77%70%2d%63%6f%6e%74%65%6e%74\/uploads\/2023\/03\/335432138_660768075820930_3400127710425509389_n.jpg 720w, https:\/\/spatzenkutter.gob.ar\/%77%70%2d%63%6f%6e%74%65%6e%74\/uploads\/2023\/03\/335432138_660768075820930_3400127710425509389_n-300x300.jpg 300w, https:\/\/spatzenkutter.gob.ar\/%77%70%2d%63%6f%6e%74%65%6e%74\/uploads\/2023\/03\/335432138_660768075820930_3400127710425509389_n-150x150.jpg 150w, https:\/\/spatzenkutter.gob.ar\/%77%70%2d%63%6f%6e%74%65%6e%74\/uploads\/2023\/03\/335432138_660768075820930_3400127710425509389_n-585x585.jpg 585w\" sizes=\"(max-width: 720px) 100vw, 720px\" \/><\/p>\n<p><strong>\u00a0<\/strong><\/p>\n<p>Por otro lado, confirmamos la realizaci\u00f3n de un curso gratuito de alba\u00f1iler\u00eda en construcciones tradicionales, siendo una capacitaci\u00f3n abierta y con certificaci\u00f3n del CGE.<\/p>\n<p>Los que quieran inscribirse deben comunicarse con la Maestra mayor de obras Carina Vera a trav\u00e9s del tel\u00e9fono 3434283069.<\/p>\n","protected":false},"excerpt":{"rendered":"<p>Por un lado, confirmamos la construcci\u00f3n de una nueva cancha de Beach V\u00f3ley. Est\u00e1 diagramada en el predio del CAJU. Este viernes comienzan los trabajos para la construcci\u00f3n, entendiendo que&hellip;<\/p>\n","protected":false},"author":2,"featured_media":1683,"comment_status":"open","ping_status":"open","sticky":false,"template":"","format":"standard","meta":{"_lmt_disableupdate":"","_lmt_disable":"","footnotes":""},"categories":[10],"tags":[40],"class_list":["post-1682","post","type-post","status-publish","format-standard","has-post-thumbnail","hentry","category-noticias","tag-spatzenkutter"],"_links":{"self":[{"href":"https:\/\/spatzenkutter.gob.ar\/%77%70%2d%6a%73%6f%6e\/wp\/v2\/posts\/1682","targetHints":{"allow":["GET"]}}],"collection":[{"href":"https:\/\/spatzenkutter.gob.ar\/%77%70%2d%6a%73%6f%6e\/wp\/v2\/posts"}],"about":[{"href":"https:\/\/spatzenkutter.gob.ar\/%77%70%2d%6a%73%6f%6e\/wp\/v2\/types\/post"}],"author":[{"embeddable":true,"href":"https:\/\/spatzenkutter.gob.ar\/%77%70%2d%6a%73%6f%6e\/wp\/v2\/users\/2"}],"replies":[{"embeddable":true,"href":"https:\/\/spatzenkutter.gob.ar\/%77%70%2d%6a%73%6f%6e\/wp\/v2\/comments?post=1682"}],"version-history":[{"count":1,"href":"https:\/\/spatzenkutter.gob.ar\/%77%70%2d%6a%73%6f%6e\/wp\/v2\/posts\/1682\/revisions"}],"predecessor-version":[{"id":1685,"href":"https:\/\/spatzenkutter.gob.ar\/%77%70%2d%6a%73%6f%6e\/wp\/v2\/posts\/1682\/revisions\/1685"}],"wp:featuredmedia":[{"embeddable":true,"href":"https:\/\/spatzenkutter.gob.ar\/%77%70%2d%6a%73%6f%6e\/wp\/v2\/media\/1683"}],"wp:attachment":[{"href":"https:\/\/spatzenkutter.gob.ar\/%77%70%2d%6a%73%6f%6e\/wp\/v2\/media?parent=1682"}],"wp:term":[{"taxonomy":"category","embeddable":true,"href":"https:\/\/spatzenkutter.gob.ar\/%77%70%2d%6a%73%6f%6e\/wp\/v2\/categories?post=1682"},{"taxonomy":"post_tag","embeddable":true,"href":"https:\/\/spatzenkutter.gob.ar\/%77%70%2d%6a%73%6f%6e\/wp\/v2\/tags?post=1682"}],"curies":[{"name":"wp","href":"https:\/\/api.w.org\/{rel}","templated":true}]}}