{"id":1688,"date":"2023-03-14T12:57:34","date_gmt":"2023-03-14T12:57:34","guid":{"rendered":"https:\/\/spatzenkutter.gob.ar\/?p=1688"},"modified":"2023-03-14T12:57:34","modified_gmt":"2023-03-14T12:57:34","slug":"comuna-en-movimiento","status":"publish","type":"post","link":"https:\/\/spatzenkutter.gob.ar\/comuna-en-movimiento\/","title":{"rendered":"Comuna en movimiento"},"content":{"rendered":"<p>Se llev\u00f3 a cabo un Evento organizado por la Universidad Nacional del Litoral (UNL) y la Universidad Nacional de Rosario (UNR) en el Rectorado de la UNL, en la ciudad de Santa Fe, bajo la denominaci\u00f3n \u201c25 Aniversario Munigesti\u00f3n\u201d.<\/p>\n<p>Se entregaron all\u00ed 17 certificados de alumnos que cursaron distintas capacitaciones el pasado a\u00f1o. Adem\u00e1s la Comuna de Aldea Spatzenkutter renov\u00f3 nuevos acuerdos con estas dos prestigiosas universidades p\u00fablicas.<\/p>\n<p>Por otro lado, se llev\u00f3 a cabo la restauraci\u00f3n y reacondicionamiento de los ventiladores de las aulas de la Escuela N\u00ba 6 Ant\u00e1rtida Argentina. Se realiz\u00f3 el recambio de los\u00a0 capacitores, limpieza, control y regulaci\u00f3n.<\/p>\n<p>Comenzaron adem\u00e1s los trabajos de base de la cancha de beach v\u00f3ley del CAJU, diversificando y poniendo en valor distintas pr\u00e1cticas deportivas.<\/p>\n","protected":false},"excerpt":{"rendered":"<p>Se llev\u00f3 a cabo un Evento organizado por la Universidad Nacional del Litoral (UNL) y la Universidad Nacional de Rosario (UNR) en el Rectorado de la UNL, en la ciudad&hellip;<\/p>\n","protected":false},"author":2,"featured_media":1690,"comment_status":"open","ping_status":"open","sticky":false,"template":"","format":"standard","meta":{"_lmt_disableupdate":"","_lmt_disable":"","footnotes":""},"categories":[10],"tags":[],"class_list":["post-1688","post","type-post","status-publish","format-standard","has-post-thumbnail","hentry","category-noticias"],"_links":{"self":[{"href":"https:\/\/spatzenkutter.gob.ar\/%77%70%2d%6a%73%6f%6e\/wp\/v2\/posts\/1688","targetHints":{"allow":["GET"]}}],"collection":[{"href":"https:\/\/spatzenkutter.gob.ar\/%77%70%2d%6a%73%6f%6e\/wp\/v2\/posts"}],"about":[{"href":"https:\/\/spatzenkutter.gob.ar\/%77%70%2d%6a%73%6f%6e\/wp\/v2\/types\/post"}],"author":[{"embeddable":true,"href":"https:\/\/spatzenkutter.gob.ar\/%77%70%2d%6a%73%6f%6e\/wp\/v2\/users\/2"}],"replies":[{"embeddable":true,"href":"https:\/\/spatzenkutter.gob.ar\/%77%70%2d%6a%73%6f%6e\/wp\/v2\/comments?post=1688"}],"version-history":[{"count":1,"href":"https:\/\/spatzenkutter.gob.ar\/%77%70%2d%6a%73%6f%6e\/wp\/v2\/posts\/1688\/revisions"}],"predecessor-version":[{"id":1691,"href":"https:\/\/spatzenkutter.gob.ar\/%77%70%2d%6a%73%6f%6e\/wp\/v2\/posts\/1688\/revisions\/1691"}],"wp:featuredmedia":[{"embeddable":true,"href":"https:\/\/spatzenkutter.gob.ar\/%77%70%2d%6a%73%6f%6e\/wp\/v2\/media\/1690"}],"wp:attachment":[{"href":"https:\/\/spatzenkutter.gob.ar\/%77%70%2d%6a%73%6f%6e\/wp\/v2\/media?parent=1688"}],"wp:term":[{"taxonomy":"category","embeddable":true,"href":"https:\/\/spatzenkutter.gob.ar\/%77%70%2d%6a%73%6f%6e\/wp\/v2\/categories?post=1688"},{"taxonomy":"post_tag","embeddable":true,"href":"https:\/\/spatzenkutter.gob.ar\/%77%70%2d%6a%73%6f%6e\/wp\/v2\/tags?post=1688"}],"curies":[{"name":"wp","href":"https:\/\/api.w.org\/{rel}","templated":true}]}}