{"id":1692,"date":"2023-03-14T20:31:18","date_gmt":"2023-03-14T20:31:18","guid":{"rendered":"https:\/\/spatzenkutter.gob.ar\/?p=1692"},"modified":"2023-03-14T20:31:18","modified_gmt":"2023-03-14T20:31:18","slug":"importantes-licitaciones","status":"publish","type":"post","link":"https:\/\/spatzenkutter.gob.ar\/importantes-licitaciones\/","title":{"rendered":"Importantes licitaciones"},"content":{"rendered":"<p>El martes 14 de marzo a las 10.30 se realiz\u00f3 el acto de apertura de sobres para la adquisici\u00f3n de 540 metros c\u00fabicos de hormig\u00f3n elaborado H25.<\/p>\n<p>Se presentaron dos empresas del rubro. Estos fondos fueron gestionados por la Comuna ante el Gobierno Provincial, agradeciendo el acompa\u00f1amiento constante en pos del progreso de la aldea.<\/p>\n<p>Previamente, el lunes 13 de marzo a las 9.00 se realiz\u00f3 la apertura de sobres con motivo de la elecci\u00f3n de mano de obra para la construcci\u00f3n de los 430 metros de calles en Hormig\u00f3n elaborado m\u00e1s cordones sobre Calle Artigas.<\/p>\n<p>Se presentaron cinco empresas. Los fondos son 100% de la Comuna de Aldea Spatzenkutter para la realizaci\u00f3n de los trabajos.<\/p>\n","protected":false},"excerpt":{"rendered":"<p>El martes 14 de marzo a las 10.30 se realiz\u00f3 el acto de apertura de sobres para la adquisici\u00f3n de 540 metros c\u00fabicos de hormig\u00f3n elaborado H25. Se presentaron dos&hellip;<\/p>\n","protected":false},"author":2,"featured_media":1693,"comment_status":"open","ping_status":"open","sticky":false,"template":"","format":"standard","meta":{"_lmt_disableupdate":"","_lmt_disable":"","footnotes":""},"categories":[10],"tags":[48],"class_list":["post-1692","post","type-post","status-publish","format-standard","has-post-thumbnail","hentry","category-noticias","tag-licitaciones"],"_links":{"self":[{"href":"https:\/\/spatzenkutter.gob.ar\/%77%70%2d%6a%73%6f%6e\/wp\/v2\/posts\/1692","targetHints":{"allow":["GET"]}}],"collection":[{"href":"https:\/\/spatzenkutter.gob.ar\/%77%70%2d%6a%73%6f%6e\/wp\/v2\/posts"}],"about":[{"href":"https:\/\/spatzenkutter.gob.ar\/%77%70%2d%6a%73%6f%6e\/wp\/v2\/types\/post"}],"author":[{"embeddable":true,"href":"https:\/\/spatzenkutter.gob.ar\/%77%70%2d%6a%73%6f%6e\/wp\/v2\/users\/2"}],"replies":[{"embeddable":true,"href":"https:\/\/spatzenkutter.gob.ar\/%77%70%2d%6a%73%6f%6e\/wp\/v2\/comments?post=1692"}],"version-history":[{"count":1,"href":"https:\/\/spatzenkutter.gob.ar\/%77%70%2d%6a%73%6f%6e\/wp\/v2\/posts\/1692\/revisions"}],"predecessor-version":[{"id":1694,"href":"https:\/\/spatzenkutter.gob.ar\/%77%70%2d%6a%73%6f%6e\/wp\/v2\/posts\/1692\/revisions\/1694"}],"wp:featuredmedia":[{"embeddable":true,"href":"https:\/\/spatzenkutter.gob.ar\/%77%70%2d%6a%73%6f%6e\/wp\/v2\/media\/1693"}],"wp:attachment":[{"href":"https:\/\/spatzenkutter.gob.ar\/%77%70%2d%6a%73%6f%6e\/wp\/v2\/media?parent=1692"}],"wp:term":[{"taxonomy":"category","embeddable":true,"href":"https:\/\/spatzenkutter.gob.ar\/%77%70%2d%6a%73%6f%6e\/wp\/v2\/categories?post=1692"},{"taxonomy":"post_tag","embeddable":true,"href":"https:\/\/spatzenkutter.gob.ar\/%77%70%2d%6a%73%6f%6e\/wp\/v2\/tags?post=1692"}],"curies":[{"name":"wp","href":"https:\/\/api.w.org\/{rel}","templated":true}]}}