{"id":1695,"date":"2023-03-15T15:26:00","date_gmt":"2023-03-15T15:26:00","guid":{"rendered":"https:\/\/spatzenkutter.gob.ar\/?p=1695"},"modified":"2023-03-15T15:26:00","modified_gmt":"2023-03-15T15:26:00","slug":"capacitacion-para-emprendedores-y-comerciantes","status":"publish","type":"post","link":"https:\/\/spatzenkutter.gob.ar\/capacitacion-para-emprendedores-y-comerciantes\/","title":{"rendered":"Capacitaci\u00f3n para emprendedores y comerciantes"},"content":{"rendered":"<p><strong>El mi\u00e9rcoles 15 de marzo se llev\u00f3 a cabo una reuni\u00f3n en la Comuna con la Contadora Erica Vittone y el grupo t\u00e9cnico en Bromatolog\u00eda, Brenda Vince, Luciana Gomes y Cristian Ciarrocca.<\/strong><\/p>\n<p>El objetivo fue diagramar la fecha para realizar la charla y capacitaci\u00f3n para comerciantes y emprendedores locales sobre la manipulaci\u00f3n de alimentos, otorg\u00e1ndoles el correspondiente carnet y certificado habilitante.<\/p>\n<p>Desde la Comuna se informar\u00e1 a todos los comercios y emprendedores el d\u00eda en que se realizar\u00e1 la capacitaci\u00f3n.<\/p>\n","protected":false},"excerpt":{"rendered":"<p>El mi\u00e9rcoles 15 de marzo se llev\u00f3 a cabo una reuni\u00f3n en la Comuna con la Contadora Erica Vittone y el grupo t\u00e9cnico en Bromatolog\u00eda, Brenda Vince, Luciana Gomes y&hellip;<\/p>\n","protected":false},"author":2,"featured_media":1696,"comment_status":"open","ping_status":"open","sticky":false,"template":"","format":"standard","meta":{"_lmt_disableupdate":"","_lmt_disable":"","footnotes":""},"categories":[10],"tags":[49],"class_list":["post-1695","post","type-post","status-publish","format-standard","has-post-thumbnail","hentry","category-noticias","tag-capacitacion"],"_links":{"self":[{"href":"https:\/\/spatzenkutter.gob.ar\/%77%70%2d%6a%73%6f%6e\/wp\/v2\/posts\/1695","targetHints":{"allow":["GET"]}}],"collection":[{"href":"https:\/\/spatzenkutter.gob.ar\/%77%70%2d%6a%73%6f%6e\/wp\/v2\/posts"}],"about":[{"href":"https:\/\/spatzenkutter.gob.ar\/%77%70%2d%6a%73%6f%6e\/wp\/v2\/types\/post"}],"author":[{"embeddable":true,"href":"https:\/\/spatzenkutter.gob.ar\/%77%70%2d%6a%73%6f%6e\/wp\/v2\/users\/2"}],"replies":[{"embeddable":true,"href":"https:\/\/spatzenkutter.gob.ar\/%77%70%2d%6a%73%6f%6e\/wp\/v2\/comments?post=1695"}],"version-history":[{"count":1,"href":"https:\/\/spatzenkutter.gob.ar\/%77%70%2d%6a%73%6f%6e\/wp\/v2\/posts\/1695\/revisions"}],"predecessor-version":[{"id":1697,"href":"https:\/\/spatzenkutter.gob.ar\/%77%70%2d%6a%73%6f%6e\/wp\/v2\/posts\/1695\/revisions\/1697"}],"wp:featuredmedia":[{"embeddable":true,"href":"https:\/\/spatzenkutter.gob.ar\/%77%70%2d%6a%73%6f%6e\/wp\/v2\/media\/1696"}],"wp:attachment":[{"href":"https:\/\/spatzenkutter.gob.ar\/%77%70%2d%6a%73%6f%6e\/wp\/v2\/media?parent=1695"}],"wp:term":[{"taxonomy":"category","embeddable":true,"href":"https:\/\/spatzenkutter.gob.ar\/%77%70%2d%6a%73%6f%6e\/wp\/v2\/categories?post=1695"},{"taxonomy":"post_tag","embeddable":true,"href":"https:\/\/spatzenkutter.gob.ar\/%77%70%2d%6a%73%6f%6e\/wp\/v2\/tags?post=1695"}],"curies":[{"name":"wp","href":"https:\/\/api.w.org\/{rel}","templated":true}]}}