{"id":1703,"date":"2023-03-22T19:46:31","date_gmt":"2023-03-22T19:46:31","guid":{"rendered":"https:\/\/spatzenkutter.gob.ar\/?p=1703"},"modified":"2023-03-22T19:53:27","modified_gmt":"2023-03-22T19:53:27","slug":"1703-2","status":"publish","type":"post","link":"https:\/\/spatzenkutter.gob.ar\/1703-2\/","title":{"rendered":"No paramos"},"content":{"rendered":"<p><strong>Novedades importantes de los \u00faltimos d\u00edas.<\/strong><\/p>\n<p>&nbsp;<\/p>\n<p>&nbsp;<\/p>\n<p>El jueves 16 de marzo el presidente de la Comuna Juan Lell mantuvo una reuni\u00f3n de trabajo con Daniel Ruhl, Jefe de DPV zonal Vl Diamante. El objetivo fue coordinar tareas de la obra de pavimentaci\u00f3n en hormig\u00f3n elaborado en Avenida Campo Mar\u00eda y calle Artigas.<\/p>\n<p>\u201cCon Daniel articulamos los trabajos de movimiento, nivelaci\u00f3n y compactaci\u00f3n de suelo para dicha obra. Estamos muy agradecidos siempre por el apoyo constante a las gestiones realizadas desde nuestra Comuna, porque es una forma de trabajar en equipo y en beneficio de nuestro pueblo, mostrando hechos concretos\u201d, indic\u00f3 Lell.<\/p>\n<p>&nbsp;<\/p>\n<p><strong>\u00a0<\/strong><\/p>\n<p><strong>Caminos<\/strong><\/p>\n<p>Por otro lado, se hicieron trabajos de embrozado en la zona rural, ejido de Spatzenkutter, una zona con gran pendiente que fue abovedada previamente por DPV Zonal Vl Diamante, y luego se encofr\u00f3 y compact\u00f3 el material calc\u00e1reo. Esta obra unir\u00e1 Aldea Spatzenkutter con Aldea Salto.<\/p>\n<p>&nbsp;<\/p>\n<p>&nbsp;<\/p>\n<p>&nbsp;<\/p>\n<p><strong>Estimulaci\u00f3n cognitiva para adultos mayores<\/strong><\/p>\n<p>El martes 21 de marzo a las 17.00 en el Sal\u00f3n de Usos M\u00faltiples comenz\u00f3 el desarrollo del Taller de Estimulaci\u00f3n Cognitiva para adultos mayores, estando a cargo de la Psic\u00f3loga Pamela Rohr.<\/p>\n<p>&nbsp;<\/p>\n<p>&nbsp;<\/p>\n<p><strong>Acto por Malvinas<\/strong><\/p>\n<p>El viernes 31 de marzo a las 10.00 se llevar\u00e1 a cabo un acto y desfile c\u00edvico-militar para recordar la Gesta de Malvinas y el D\u00eda del Veterano y los Ca\u00eddos en Malvinas. Ser\u00e1 en Avenida Alemanes del Volga y Padre Kolman.<\/p>\n<p>&nbsp;<\/p>\n","protected":false},"excerpt":{"rendered":"<p>Novedades importantes de los \u00faltimos d\u00edas. &nbsp; &nbsp; El jueves 16 de marzo el presidente de la Comuna Juan Lell mantuvo una reuni\u00f3n de trabajo con Daniel Ruhl, Jefe de&hellip;<\/p>\n","protected":false},"author":2,"featured_media":1704,"comment_status":"open","ping_status":"open","sticky":false,"template":"","format":"standard","meta":{"_lmt_disableupdate":"","_lmt_disable":"","footnotes":""},"categories":[10],"tags":[51],"class_list":["post-1703","post","type-post","status-publish","format-standard","has-post-thumbnail","hentry","category-noticias","tag-novedades"],"_links":{"self":[{"href":"https:\/\/spatzenkutter.gob.ar\/%77%70%2d%6a%73%6f%6e\/wp\/v2\/posts\/1703","targetHints":{"allow":["GET"]}}],"collection":[{"href":"https:\/\/spatzenkutter.gob.ar\/%77%70%2d%6a%73%6f%6e\/wp\/v2\/posts"}],"about":[{"href":"https:\/\/spatzenkutter.gob.ar\/%77%70%2d%6a%73%6f%6e\/wp\/v2\/types\/post"}],"author":[{"embeddable":true,"href":"https:\/\/spatzenkutter.gob.ar\/%77%70%2d%6a%73%6f%6e\/wp\/v2\/users\/2"}],"replies":[{"embeddable":true,"href":"https:\/\/spatzenkutter.gob.ar\/%77%70%2d%6a%73%6f%6e\/wp\/v2\/comments?post=1703"}],"version-history":[{"count":2,"href":"https:\/\/spatzenkutter.gob.ar\/%77%70%2d%6a%73%6f%6e\/wp\/v2\/posts\/1703\/revisions"}],"predecessor-version":[{"id":1706,"href":"https:\/\/spatzenkutter.gob.ar\/%77%70%2d%6a%73%6f%6e\/wp\/v2\/posts\/1703\/revisions\/1706"}],"wp:featuredmedia":[{"embeddable":true,"href":"https:\/\/spatzenkutter.gob.ar\/%77%70%2d%6a%73%6f%6e\/wp\/v2\/media\/1704"}],"wp:attachment":[{"href":"https:\/\/spatzenkutter.gob.ar\/%77%70%2d%6a%73%6f%6e\/wp\/v2\/media?parent=1703"}],"wp:term":[{"taxonomy":"category","embeddable":true,"href":"https:\/\/spatzenkutter.gob.ar\/%77%70%2d%6a%73%6f%6e\/wp\/v2\/categories?post=1703"},{"taxonomy":"post_tag","embeddable":true,"href":"https:\/\/spatzenkutter.gob.ar\/%77%70%2d%6a%73%6f%6e\/wp\/v2\/tags?post=1703"}],"curies":[{"name":"wp","href":"https:\/\/api.w.org\/{rel}","templated":true}]}}