{"id":1711,"date":"2023-03-27T20:01:36","date_gmt":"2023-03-27T20:01:36","guid":{"rendered":"https:\/\/spatzenkutter.gob.ar\/?p=1711"},"modified":"2023-03-27T20:01:36","modified_gmt":"2023-03-27T20:01:36","slug":"un-espacio-historico-que-se-moderniza","status":"publish","type":"post","link":"https:\/\/spatzenkutter.gob.ar\/un-espacio-historico-que-se-moderniza\/","title":{"rendered":"Un espacio hist\u00f3rico que se moderniza"},"content":{"rendered":"<p><strong>La Biblioteca Comunal \u00abGabriela Mistral\u00bb\u00a0 desde el lunes 27 de marzo tiene cerrado su edificio al p\u00fablico, porque se realizan trabajos de refacci\u00f3n,\u00a0 acondicionamiento y puesta en valor.<\/strong><\/p>\n<p>&nbsp;<\/p>\n<p>Por cuestiones de seguridad fueron suspendidas las actividades y visitas hasta que la obra finalice. Las tareas tienen como objetivo reabrir el edificio en perfectas condiciones.<\/p>\n<p>Una vez finalizada la obra se podr\u00e1 disfrutar de salas acondicionadas y destinadas a actividades recreativas, tur\u00edsticas, culturales, pedag\u00f3gicas y de inter\u00e9s hist\u00f3rico, ofreciendo visitas para escuelas, turistas y residentes.<\/p>\n<p>\u201cPara el inter\u00e9s de todos se\u00a0 continuar\u00e1 trabajando con actividades internas, informes y publicaciones en las redes\u201d, se aclar\u00f3 desde la entidad, agradeciendo a N\u00e9stor Roskopf, propietario del inmueble, \u201cpor permitir que la Casa de Cultura Marienfeld se modernice, para que este espacio cultural se transforme en beneficio de la gente\u201d.<\/p>\n","protected":false},"excerpt":{"rendered":"<p>La Biblioteca Comunal \u00abGabriela Mistral\u00bb\u00a0 desde el lunes 27 de marzo tiene cerrado su edificio al p\u00fablico, porque se realizan trabajos de refacci\u00f3n,\u00a0 acondicionamiento y puesta en valor. &nbsp; Por&hellip;<\/p>\n","protected":false},"author":2,"featured_media":1712,"comment_status":"open","ping_status":"open","sticky":false,"template":"","format":"standard","meta":{"_lmt_disableupdate":"","_lmt_disable":"","footnotes":""},"categories":[10],"tags":[40],"class_list":["post-1711","post","type-post","status-publish","format-standard","has-post-thumbnail","hentry","category-noticias","tag-spatzenkutter"],"_links":{"self":[{"href":"https:\/\/spatzenkutter.gob.ar\/%77%70%2d%6a%73%6f%6e\/wp\/v2\/posts\/1711","targetHints":{"allow":["GET"]}}],"collection":[{"href":"https:\/\/spatzenkutter.gob.ar\/%77%70%2d%6a%73%6f%6e\/wp\/v2\/posts"}],"about":[{"href":"https:\/\/spatzenkutter.gob.ar\/%77%70%2d%6a%73%6f%6e\/wp\/v2\/types\/post"}],"author":[{"embeddable":true,"href":"https:\/\/spatzenkutter.gob.ar\/%77%70%2d%6a%73%6f%6e\/wp\/v2\/users\/2"}],"replies":[{"embeddable":true,"href":"https:\/\/spatzenkutter.gob.ar\/%77%70%2d%6a%73%6f%6e\/wp\/v2\/comments?post=1711"}],"version-history":[{"count":1,"href":"https:\/\/spatzenkutter.gob.ar\/%77%70%2d%6a%73%6f%6e\/wp\/v2\/posts\/1711\/revisions"}],"predecessor-version":[{"id":1713,"href":"https:\/\/spatzenkutter.gob.ar\/%77%70%2d%6a%73%6f%6e\/wp\/v2\/posts\/1711\/revisions\/1713"}],"wp:featuredmedia":[{"embeddable":true,"href":"https:\/\/spatzenkutter.gob.ar\/%77%70%2d%6a%73%6f%6e\/wp\/v2\/media\/1712"}],"wp:attachment":[{"href":"https:\/\/spatzenkutter.gob.ar\/%77%70%2d%6a%73%6f%6e\/wp\/v2\/media?parent=1711"}],"wp:term":[{"taxonomy":"category","embeddable":true,"href":"https:\/\/spatzenkutter.gob.ar\/%77%70%2d%6a%73%6f%6e\/wp\/v2\/categories?post=1711"},{"taxonomy":"post_tag","embeddable":true,"href":"https:\/\/spatzenkutter.gob.ar\/%77%70%2d%6a%73%6f%6e\/wp\/v2\/tags?post=1711"}],"curies":[{"name":"wp","href":"https:\/\/api.w.org\/{rel}","templated":true}]}}