{"id":1714,"date":"2023-03-28T20:32:28","date_gmt":"2023-03-28T20:32:28","guid":{"rendered":"https:\/\/spatzenkutter.gob.ar\/?p=1714"},"modified":"2023-03-28T20:32:28","modified_gmt":"2023-03-28T20:32:28","slug":"acompanamiento-a-instituciones","status":"publish","type":"post","link":"https:\/\/spatzenkutter.gob.ar\/acompanamiento-a-instituciones\/","title":{"rendered":"Acompa\u00f1amiento a instituciones"},"content":{"rendered":"<p>Esta semana la Comuna confirm\u00f3 la colocaci\u00f3n de un Smart TV para la Sala de Usos M\u00faltiples Arnoldo Janssen que pertenece a la Iglesia Asunci\u00f3n de Mar\u00eda, donde se prestan diversos servicios, entre ellos catequesis, cursos y charlas.<\/p>\n<p>Fue colocado el martes 28 de marzo para reemplazar el antiguo televisor. As\u00ed se les facilitar\u00e1 la utilizaci\u00f3n, ya que esta sala cuenta con WIFI abierto, lo que permitir\u00e1 a cada capacitador utilizarlo como una moderna herramienta educativa.<\/p>\n","protected":false},"excerpt":{"rendered":"<p>Esta semana la Comuna confirm\u00f3 la colocaci\u00f3n de un Smart TV para la Sala de Usos M\u00faltiples Arnoldo Janssen que pertenece a la Iglesia Asunci\u00f3n de Mar\u00eda, donde se prestan&hellip;<\/p>\n","protected":false},"author":2,"featured_media":1715,"comment_status":"open","ping_status":"open","sticky":false,"template":"","format":"standard","meta":{"_lmt_disableupdate":"","_lmt_disable":"","footnotes":""},"categories":[10],"tags":[40],"class_list":["post-1714","post","type-post","status-publish","format-standard","has-post-thumbnail","hentry","category-noticias","tag-spatzenkutter"],"_links":{"self":[{"href":"https:\/\/spatzenkutter.gob.ar\/%77%70%2d%6a%73%6f%6e\/wp\/v2\/posts\/1714","targetHints":{"allow":["GET"]}}],"collection":[{"href":"https:\/\/spatzenkutter.gob.ar\/%77%70%2d%6a%73%6f%6e\/wp\/v2\/posts"}],"about":[{"href":"https:\/\/spatzenkutter.gob.ar\/%77%70%2d%6a%73%6f%6e\/wp\/v2\/types\/post"}],"author":[{"embeddable":true,"href":"https:\/\/spatzenkutter.gob.ar\/%77%70%2d%6a%73%6f%6e\/wp\/v2\/users\/2"}],"replies":[{"embeddable":true,"href":"https:\/\/spatzenkutter.gob.ar\/%77%70%2d%6a%73%6f%6e\/wp\/v2\/comments?post=1714"}],"version-history":[{"count":1,"href":"https:\/\/spatzenkutter.gob.ar\/%77%70%2d%6a%73%6f%6e\/wp\/v2\/posts\/1714\/revisions"}],"predecessor-version":[{"id":1716,"href":"https:\/\/spatzenkutter.gob.ar\/%77%70%2d%6a%73%6f%6e\/wp\/v2\/posts\/1714\/revisions\/1716"}],"wp:featuredmedia":[{"embeddable":true,"href":"https:\/\/spatzenkutter.gob.ar\/%77%70%2d%6a%73%6f%6e\/wp\/v2\/media\/1715"}],"wp:attachment":[{"href":"https:\/\/spatzenkutter.gob.ar\/%77%70%2d%6a%73%6f%6e\/wp\/v2\/media?parent=1714"}],"wp:term":[{"taxonomy":"category","embeddable":true,"href":"https:\/\/spatzenkutter.gob.ar\/%77%70%2d%6a%73%6f%6e\/wp\/v2\/categories?post=1714"},{"taxonomy":"post_tag","embeddable":true,"href":"https:\/\/spatzenkutter.gob.ar\/%77%70%2d%6a%73%6f%6e\/wp\/v2\/tags?post=1714"}],"curies":[{"name":"wp","href":"https:\/\/api.w.org\/{rel}","templated":true}]}}