{"id":1717,"date":"2023-03-29T20:15:54","date_gmt":"2023-03-29T20:15:54","guid":{"rendered":"https:\/\/spatzenkutter.gob.ar\/?p=1717"},"modified":"2023-03-29T20:15:54","modified_gmt":"2023-03-29T20:15:54","slug":"spatzenkutter-tendra-numeracion-domiciliaria","status":"publish","type":"post","link":"https:\/\/spatzenkutter.gob.ar\/spatzenkutter-tendra-numeracion-domiciliaria\/","title":{"rendered":"Spatzenkutter tendr\u00e1 numeraci\u00f3n domiciliaria"},"content":{"rendered":"<p>Las placas que identificar\u00e1n cada domicilio de la aldea ya fueron realizadas.<\/p>\n<p>Desde la Comuna trabajaron junto a Direcci\u00f3n de Catastro y la agrimensora para lograr que este tan necesario proyecto hoy sea realidad.<\/p>\n<p>Ser\u00e1n entregados a cada vivienda de manera gratuita y colocados por el personal comunal.<\/p>\n<p>\u201cSeguimos trabajando por el progreso de nuestra aldea, d\u00eda a d\u00eda, con hechos concretos para que Spatzenkutter avance\u201d, indicaron desde el ente gubernamental.<\/p>\n","protected":false},"excerpt":{"rendered":"<p>Las placas que identificar\u00e1n cada domicilio de la aldea ya fueron realizadas. Desde la Comuna trabajaron junto a Direcci\u00f3n de Catastro y la agrimensora para lograr que este tan necesario&hellip;<\/p>\n","protected":false},"author":2,"featured_media":1718,"comment_status":"open","ping_status":"open","sticky":false,"template":"","format":"standard","meta":{"_lmt_disableupdate":"","_lmt_disable":"","footnotes":""},"categories":[1],"tags":[],"class_list":["post-1717","post","type-post","status-publish","format-standard","has-post-thumbnail","hentry","category-sin-categoria"],"_links":{"self":[{"href":"https:\/\/spatzenkutter.gob.ar\/%77%70%2d%6a%73%6f%6e\/wp\/v2\/posts\/1717","targetHints":{"allow":["GET"]}}],"collection":[{"href":"https:\/\/spatzenkutter.gob.ar\/%77%70%2d%6a%73%6f%6e\/wp\/v2\/posts"}],"about":[{"href":"https:\/\/spatzenkutter.gob.ar\/%77%70%2d%6a%73%6f%6e\/wp\/v2\/types\/post"}],"author":[{"embeddable":true,"href":"https:\/\/spatzenkutter.gob.ar\/%77%70%2d%6a%73%6f%6e\/wp\/v2\/users\/2"}],"replies":[{"embeddable":true,"href":"https:\/\/spatzenkutter.gob.ar\/%77%70%2d%6a%73%6f%6e\/wp\/v2\/comments?post=1717"}],"version-history":[{"count":1,"href":"https:\/\/spatzenkutter.gob.ar\/%77%70%2d%6a%73%6f%6e\/wp\/v2\/posts\/1717\/revisions"}],"predecessor-version":[{"id":1719,"href":"https:\/\/spatzenkutter.gob.ar\/%77%70%2d%6a%73%6f%6e\/wp\/v2\/posts\/1717\/revisions\/1719"}],"wp:featuredmedia":[{"embeddable":true,"href":"https:\/\/spatzenkutter.gob.ar\/%77%70%2d%6a%73%6f%6e\/wp\/v2\/media\/1718"}],"wp:attachment":[{"href":"https:\/\/spatzenkutter.gob.ar\/%77%70%2d%6a%73%6f%6e\/wp\/v2\/media?parent=1717"}],"wp:term":[{"taxonomy":"category","embeddable":true,"href":"https:\/\/spatzenkutter.gob.ar\/%77%70%2d%6a%73%6f%6e\/wp\/v2\/categories?post=1717"},{"taxonomy":"post_tag","embeddable":true,"href":"https:\/\/spatzenkutter.gob.ar\/%77%70%2d%6a%73%6f%6e\/wp\/v2\/tags?post=1717"}],"curies":[{"name":"wp","href":"https:\/\/api.w.org\/{rel}","templated":true}]}}