{"id":1732,"date":"2023-04-05T21:07:03","date_gmt":"2023-04-05T21:07:03","guid":{"rendered":"https:\/\/spatzenkutter.gob.ar\/?p=1732"},"modified":"2023-04-05T21:07:03","modified_gmt":"2023-04-05T21:07:03","slug":"otro-dia-historico-para-spatzenkutter","status":"publish","type":"post","link":"https:\/\/spatzenkutter.gob.ar\/otro-dia-historico-para-spatzenkutter\/","title":{"rendered":"Otro d\u00eda hist\u00f3rico para Spatzenkutter"},"content":{"rendered":"<p>El gobernador de Entre R\u00edos, Gustavo Bordet, dej\u00f3 formalmente inaugurado el edificio comunal de nuestra Aldea Spatzenkutter, adem\u00e1s de una obra de pavimento y la iluminaci\u00f3n sobre la Ruta 11.<\/p>\n<p>\u201cDesde el inicio de la gesti\u00f3n estamos trabajando con obras de asfalto dentro de la aldea y tambi\u00e9n la del edificio comunal\u201d, dijo el mandatario. \u201cSe trata de una zona muy pujante de mucho crecimiento, donde acompa\u00f1amos con obras de infraestructura y otras acciones de gobierno que tienden a mejorar sustancialmente todo lo que significa esta comunidad organizada\u201d, valor\u00f3 Bordet al firmar adem\u00e1s inicios de obras para otras localidades como la repavimentaci\u00f3n del acceso a Piedras Blancas, pavimentaci\u00f3n urbana para pueblo Brugo y convenios de pavimento para Diamante y Paran\u00e1.<\/p>\n<p>Adem\u00e1s, se\u00f1al\u00f3 que en dos meses estar\u00e1 finalizada la obra de acceso a Aldea Protestante. \u201cLuego llamaremos a licitaci\u00f3n para una obra en Aldea Salto\u201d, sostuvo.<\/p>\n<p>Nuestro presidente comunal, Juan Lell, mencion\u00f3 que \u201clas obras significan un cambio total, desde 2015 trabajamos para cambiarle la vida a todos los vecinos de nuestra aldea y lo estamos logrando\u201d.<\/p>\n<p>Adem\u00e1s, asegur\u00f3 que vienen llevando muchos proyectos para transformar la localidad. En este punto, ponder\u00f3 la ley de Comunas y destac\u00f3 que \u201ces una propuesta que nos facilit\u00f3 acceder a muchos beneficios para invertirlos en la aldea\u201d.<\/p>\n<p>Describi\u00f3 a la jornada como \u201cun d\u00eda hist\u00f3rico para Spatzenkutter, porque inauguramos la obra del nuevo edificio comunal, el pavimento y la iluminaci\u00f3n sobre ruta 11. Esta es una aldea que se ha transformado y avanza a base de trabajo, responsabilidad y transparencia. Mucho se hizo, mucho queda por hacer, ese es nuestro compromiso diario\u201d.<\/p>\n","protected":false},"excerpt":{"rendered":"<p>El gobernador de Entre R\u00edos, Gustavo Bordet, dej\u00f3 formalmente inaugurado el edificio comunal de nuestra Aldea Spatzenkutter, adem\u00e1s de una obra de pavimento y la iluminaci\u00f3n sobre la Ruta 11.&hellip;<\/p>\n","protected":false},"author":2,"featured_media":1733,"comment_status":"open","ping_status":"open","sticky":false,"template":"","format":"standard","meta":{"_lmt_disableupdate":"","_lmt_disable":"","footnotes":""},"categories":[10],"tags":[54],"class_list":["post-1732","post","type-post","status-publish","format-standard","has-post-thumbnail","hentry","category-noticias","tag-bordet"],"_links":{"self":[{"href":"https:\/\/spatzenkutter.gob.ar\/%77%70%2d%6a%73%6f%6e\/wp\/v2\/posts\/1732","targetHints":{"allow":["GET"]}}],"collection":[{"href":"https:\/\/spatzenkutter.gob.ar\/%77%70%2d%6a%73%6f%6e\/wp\/v2\/posts"}],"about":[{"href":"https:\/\/spatzenkutter.gob.ar\/%77%70%2d%6a%73%6f%6e\/wp\/v2\/types\/post"}],"author":[{"embeddable":true,"href":"https:\/\/spatzenkutter.gob.ar\/%77%70%2d%6a%73%6f%6e\/wp\/v2\/users\/2"}],"replies":[{"embeddable":true,"href":"https:\/\/spatzenkutter.gob.ar\/%77%70%2d%6a%73%6f%6e\/wp\/v2\/comments?post=1732"}],"version-history":[{"count":1,"href":"https:\/\/spatzenkutter.gob.ar\/%77%70%2d%6a%73%6f%6e\/wp\/v2\/posts\/1732\/revisions"}],"predecessor-version":[{"id":1734,"href":"https:\/\/spatzenkutter.gob.ar\/%77%70%2d%6a%73%6f%6e\/wp\/v2\/posts\/1732\/revisions\/1734"}],"wp:featuredmedia":[{"embeddable":true,"href":"https:\/\/spatzenkutter.gob.ar\/%77%70%2d%6a%73%6f%6e\/wp\/v2\/media\/1733"}],"wp:attachment":[{"href":"https:\/\/spatzenkutter.gob.ar\/%77%70%2d%6a%73%6f%6e\/wp\/v2\/media?parent=1732"}],"wp:term":[{"taxonomy":"category","embeddable":true,"href":"https:\/\/spatzenkutter.gob.ar\/%77%70%2d%6a%73%6f%6e\/wp\/v2\/categories?post=1732"},{"taxonomy":"post_tag","embeddable":true,"href":"https:\/\/spatzenkutter.gob.ar\/%77%70%2d%6a%73%6f%6e\/wp\/v2\/tags?post=1732"}],"curies":[{"name":"wp","href":"https:\/\/api.w.org\/{rel}","templated":true}]}}