{"id":1744,"date":"2023-04-17T18:37:54","date_gmt":"2023-04-17T18:37:54","guid":{"rendered":"https:\/\/spatzenkutter.gob.ar\/?p=1744"},"modified":"2023-04-17T18:42:21","modified_gmt":"2023-04-17T18:42:21","slug":"el-presidente-de-la-comuna-juan-lell-desarrollo-una-reunion-de-trabajo-con-jose-piedrabuena-gerente-de-la-empresa-adjudicataria-de-la-obra-que-construira-una-nueva-aula-para-la-escuela-local-las-ob","status":"publish","type":"post","link":"https:\/\/spatzenkutter.gob.ar\/el-presidente-de-la-comuna-juan-lell-desarrollo-una-reunion-de-trabajo-con-jose-piedrabuena-gerente-de-la-empresa-adjudicataria-de-la-obra-que-construira-una-nueva-aula-para-la-escuela-local-las-ob\/","title":{"rendered":"Aula para nuestra escuela"},"content":{"rendered":"<p>El presidente de la Comuna Juan Lell desarroll\u00f3 una reuni\u00f3n de trabajo con Jos\u00e9 Piedrabuena, Gerente de la empresa adjudicataria de la obra que construir\u00e1 una nueva aula para la escuela local.<\/p>\n<p>Las obras dar\u00e1n inicio esta semana<\/p>\n<p>\u201cAgradecemos esta importante y necesaria obra a nuestro Gobernador, Gustavo Bordet, al Ministro de Planeamiento Marcelo Richard, a Claudia Gieco Senadora y al equipo de trabajo de la UEP. Otra obra gestionada que da inicio. Son hechos concretos. Seguimos trabajando por el bien de nuestra aldea\u201d, indicaron desde el ente gubernamental.<\/p>\n","protected":false},"excerpt":{"rendered":"<p>El presidente de la Comuna Juan Lell desarroll\u00f3 una reuni\u00f3n de trabajo con Jos\u00e9 Piedrabuena, Gerente de la empresa adjudicataria de la obra que construir\u00e1 una nueva aula para la&hellip;<\/p>\n","protected":false},"author":2,"featured_media":1745,"comment_status":"open","ping_status":"open","sticky":false,"template":"","format":"standard","meta":{"_lmt_disableupdate":"","_lmt_disable":"","footnotes":""},"categories":[10],"tags":[55],"class_list":["post-1744","post","type-post","status-publish","format-standard","has-post-thumbnail","hentry","category-noticias","tag-spa"],"_links":{"self":[{"href":"https:\/\/spatzenkutter.gob.ar\/%77%70%2d%6a%73%6f%6e\/wp\/v2\/posts\/1744","targetHints":{"allow":["GET"]}}],"collection":[{"href":"https:\/\/spatzenkutter.gob.ar\/%77%70%2d%6a%73%6f%6e\/wp\/v2\/posts"}],"about":[{"href":"https:\/\/spatzenkutter.gob.ar\/%77%70%2d%6a%73%6f%6e\/wp\/v2\/types\/post"}],"author":[{"embeddable":true,"href":"https:\/\/spatzenkutter.gob.ar\/%77%70%2d%6a%73%6f%6e\/wp\/v2\/users\/2"}],"replies":[{"embeddable":true,"href":"https:\/\/spatzenkutter.gob.ar\/%77%70%2d%6a%73%6f%6e\/wp\/v2\/comments?post=1744"}],"version-history":[{"count":3,"href":"https:\/\/spatzenkutter.gob.ar\/%77%70%2d%6a%73%6f%6e\/wp\/v2\/posts\/1744\/revisions"}],"predecessor-version":[{"id":1748,"href":"https:\/\/spatzenkutter.gob.ar\/%77%70%2d%6a%73%6f%6e\/wp\/v2\/posts\/1744\/revisions\/1748"}],"wp:featuredmedia":[{"embeddable":true,"href":"https:\/\/spatzenkutter.gob.ar\/%77%70%2d%6a%73%6f%6e\/wp\/v2\/media\/1745"}],"wp:attachment":[{"href":"https:\/\/spatzenkutter.gob.ar\/%77%70%2d%6a%73%6f%6e\/wp\/v2\/media?parent=1744"}],"wp:term":[{"taxonomy":"category","embeddable":true,"href":"https:\/\/spatzenkutter.gob.ar\/%77%70%2d%6a%73%6f%6e\/wp\/v2\/categories?post=1744"},{"taxonomy":"post_tag","embeddable":true,"href":"https:\/\/spatzenkutter.gob.ar\/%77%70%2d%6a%73%6f%6e\/wp\/v2\/tags?post=1744"}],"curies":[{"name":"wp","href":"https:\/\/api.w.org\/{rel}","templated":true}]}}