{"id":1761,"date":"2023-04-25T21:04:57","date_gmt":"2023-04-25T21:04:57","guid":{"rendered":"https:\/\/spatzenkutter.gob.ar\/?p=1761"},"modified":"2023-04-25T21:05:20","modified_gmt":"2023-04-25T21:05:20","slug":"hormigon-en-avenida-campo-maria","status":"publish","type":"post","link":"https:\/\/spatzenkutter.gob.ar\/hormigon-en-avenida-campo-maria\/","title":{"rendered":"Hormig\u00f3n en Avenida Campo Mar\u00eda"},"content":{"rendered":"<p>Este martes 25 de abril personal de nuestra Comuna culmin\u00f3 el primer tramo de 200 metros sobre Avenida Campo Mar\u00eda, siendo otro d\u00eda hist\u00f3rico para la comunidad.<\/p>\n<p>&nbsp;<\/p>\n<p>&nbsp;<\/p>\n<p>Calle Artigas desde este mismo martes qued\u00f3 cortada al tr\u00e1nsito, dado que las obras sobre esta arteria comienzan este mi\u00e9rcoles.<\/p>\n<p>&nbsp;<\/p>\n<p>Seguimos avanzando d\u00eda a d\u00eda, poniendo a Spatzenkutter cada d\u00eda m\u00e1s linda.<\/p>\n","protected":false},"excerpt":{"rendered":"<p>Este martes 25 de abril personal de nuestra Comuna culmin\u00f3 el primer tramo de 200 metros sobre Avenida Campo Mar\u00eda, siendo otro d\u00eda hist\u00f3rico para la comunidad. &nbsp; &nbsp; Calle&hellip;<\/p>\n","protected":false},"author":2,"featured_media":1762,"comment_status":"open","ping_status":"open","sticky":false,"template":"","format":"standard","meta":{"_lmt_disableupdate":"","_lmt_disable":"","footnotes":""},"categories":[10],"tags":[],"class_list":["post-1761","post","type-post","status-publish","format-standard","has-post-thumbnail","hentry","category-noticias"],"_links":{"self":[{"href":"https:\/\/spatzenkutter.gob.ar\/%77%70%2d%6a%73%6f%6e\/wp\/v2\/posts\/1761","targetHints":{"allow":["GET"]}}],"collection":[{"href":"https:\/\/spatzenkutter.gob.ar\/%77%70%2d%6a%73%6f%6e\/wp\/v2\/posts"}],"about":[{"href":"https:\/\/spatzenkutter.gob.ar\/%77%70%2d%6a%73%6f%6e\/wp\/v2\/types\/post"}],"author":[{"embeddable":true,"href":"https:\/\/spatzenkutter.gob.ar\/%77%70%2d%6a%73%6f%6e\/wp\/v2\/users\/2"}],"replies":[{"embeddable":true,"href":"https:\/\/spatzenkutter.gob.ar\/%77%70%2d%6a%73%6f%6e\/wp\/v2\/comments?post=1761"}],"version-history":[{"count":2,"href":"https:\/\/spatzenkutter.gob.ar\/%77%70%2d%6a%73%6f%6e\/wp\/v2\/posts\/1761\/revisions"}],"predecessor-version":[{"id":1764,"href":"https:\/\/spatzenkutter.gob.ar\/%77%70%2d%6a%73%6f%6e\/wp\/v2\/posts\/1761\/revisions\/1764"}],"wp:featuredmedia":[{"embeddable":true,"href":"https:\/\/spatzenkutter.gob.ar\/%77%70%2d%6a%73%6f%6e\/wp\/v2\/media\/1762"}],"wp:attachment":[{"href":"https:\/\/spatzenkutter.gob.ar\/%77%70%2d%6a%73%6f%6e\/wp\/v2\/media?parent=1761"}],"wp:term":[{"taxonomy":"category","embeddable":true,"href":"https:\/\/spatzenkutter.gob.ar\/%77%70%2d%6a%73%6f%6e\/wp\/v2\/categories?post=1761"},{"taxonomy":"post_tag","embeddable":true,"href":"https:\/\/spatzenkutter.gob.ar\/%77%70%2d%6a%73%6f%6e\/wp\/v2\/tags?post=1761"}],"curies":[{"name":"wp","href":"https:\/\/api.w.org\/{rel}","templated":true}]}}