{"id":1770,"date":"2023-04-28T15:05:02","date_gmt":"2023-04-28T15:05:02","guid":{"rendered":"https:\/\/spatzenkutter.gob.ar\/?p=1770"},"modified":"2023-04-28T15:05:02","modified_gmt":"2023-04-28T15:05:02","slug":"barrios-miticos-de-ciudades-entrerrianas-edicion-dedicada-a-los-alemanes-del-volga-de-spatzenkutter","status":"publish","type":"post","link":"https:\/\/spatzenkutter.gob.ar\/barrios-miticos-de-ciudades-entrerrianas-edicion-dedicada-a-los-alemanes-del-volga-de-spatzenkutter\/","title":{"rendered":"\u2018Barrios m\u00edticos de ciudades entrerrianas\u2019: edici\u00f3n dedicada a los alemanes del Volga de Spatzenkutter"},"content":{"rendered":"<p><strong>En el marco del ciclo Barrios m\u00edticos de ciudades entrerrianas, se realiz\u00f3 una edici\u00f3n especial dedicada a los alemanes del Volga de Aldea Spatzenkutter. La cita fue este jueves 27 en el Museo Hist\u00f3rico de Entre R\u00edos \u00abMartiniano Leguizam\u00f3n\u00bb.<\/strong><\/p>\n<p>&nbsp;<\/p>\n<p>&nbsp;<\/p>\n<p>En esta edici\u00f3n especial se realiz\u00f3 con un gran marco de p\u00fablico presente.<\/p>\n<p>Durante el encuentro se compartieron cientos de emociones personales, familiares y colectivas que gener\u00f3 la propuesta, referida a la corriente inmigratoria de los Alemanes del Volga, principalmente en Spatzenkutter.<\/p>\n<p>Se present\u00f3 una propuesta Teatral por el Grupo \u00abMelange\u00bb de la ciudad de Santa Fe que realiz\u00f3 una puesta teatral basada en hechos de la Historieta \u201cLa Esperanza de Labriego\u201d.<\/p>\n<p>Asimismo, se present\u00f3 el Cap\u00edtulo III de \u201cLa Esperanza del Labriego\u201d en formato audiovisual. Tratandoce de una serie de cinco cap\u00edtulos que a\u00fan se encuentra en proceso de producci\u00f3n.<\/p>\n<p>Finalmente, la velada culmin\u00f3 con el Grupo Coreogr\u00e1fico \u00abNuestra gente alegre\u00bb de Aldea Brasilera.<\/p>\n","protected":false},"excerpt":{"rendered":"<p>En el marco del ciclo Barrios m\u00edticos de ciudades entrerrianas, se realiz\u00f3 una edici\u00f3n especial dedicada a los alemanes del Volga de Aldea Spatzenkutter. La cita fue este jueves 27&hellip;<\/p>\n","protected":false},"author":2,"featured_media":1771,"comment_status":"open","ping_status":"open","sticky":false,"template":"","format":"standard","meta":{"_lmt_disableupdate":"","_lmt_disable":"","footnotes":""},"categories":[10],"tags":[],"class_list":["post-1770","post","type-post","status-publish","format-standard","has-post-thumbnail","hentry","category-noticias"],"_links":{"self":[{"href":"https:\/\/spatzenkutter.gob.ar\/%77%70%2d%6a%73%6f%6e\/wp\/v2\/posts\/1770","targetHints":{"allow":["GET"]}}],"collection":[{"href":"https:\/\/spatzenkutter.gob.ar\/%77%70%2d%6a%73%6f%6e\/wp\/v2\/posts"}],"about":[{"href":"https:\/\/spatzenkutter.gob.ar\/%77%70%2d%6a%73%6f%6e\/wp\/v2\/types\/post"}],"author":[{"embeddable":true,"href":"https:\/\/spatzenkutter.gob.ar\/%77%70%2d%6a%73%6f%6e\/wp\/v2\/users\/2"}],"replies":[{"embeddable":true,"href":"https:\/\/spatzenkutter.gob.ar\/%77%70%2d%6a%73%6f%6e\/wp\/v2\/comments?post=1770"}],"version-history":[{"count":1,"href":"https:\/\/spatzenkutter.gob.ar\/%77%70%2d%6a%73%6f%6e\/wp\/v2\/posts\/1770\/revisions"}],"predecessor-version":[{"id":1772,"href":"https:\/\/spatzenkutter.gob.ar\/%77%70%2d%6a%73%6f%6e\/wp\/v2\/posts\/1770\/revisions\/1772"}],"wp:featuredmedia":[{"embeddable":true,"href":"https:\/\/spatzenkutter.gob.ar\/%77%70%2d%6a%73%6f%6e\/wp\/v2\/media\/1771"}],"wp:attachment":[{"href":"https:\/\/spatzenkutter.gob.ar\/%77%70%2d%6a%73%6f%6e\/wp\/v2\/media?parent=1770"}],"wp:term":[{"taxonomy":"category","embeddable":true,"href":"https:\/\/spatzenkutter.gob.ar\/%77%70%2d%6a%73%6f%6e\/wp\/v2\/categories?post=1770"},{"taxonomy":"post_tag","embeddable":true,"href":"https:\/\/spatzenkutter.gob.ar\/%77%70%2d%6a%73%6f%6e\/wp\/v2\/tags?post=1770"}],"curies":[{"name":"wp","href":"https:\/\/api.w.org\/{rel}","templated":true}]}}