{"id":1774,"date":"2023-05-09T19:40:33","date_gmt":"2023-05-09T19:40:33","guid":{"rendered":"https:\/\/spatzenkutter.gob.ar\/?p=1774"},"modified":"2023-05-09T19:40:33","modified_gmt":"2023-05-09T19:40:33","slug":"proyectos-e-importantes-reuniones","status":"publish","type":"post","link":"https:\/\/spatzenkutter.gob.ar\/proyectos-e-importantes-reuniones\/","title":{"rendered":"Proyectos e importantes reuniones"},"content":{"rendered":"<p>El martes 9 de mayo el presidente de la Comuna Juan Lell se reuni\u00f3 con Pablo Bertochi, Gerente de relaciones institucionales de ENERSA. Juntos recorrieron las instalaciones del Club Atl\u00e9tico Juventud Unida.<\/p>\n<p>\u201cDesde la Comuna gestionamos la iluminaci\u00f3n para la nueva cancha de f\u00fatbol. El CAJU participa de la Copa de las Aldeas, nuestro deber es acompa\u00f1ar el crecimiento de esta hist\u00f3rica instituci\u00f3n deportiva, la cual cuenta con una comisi\u00f3n de j\u00f3venes muy comprometidos con el club. El trabajo en equipo es el verdadero camino para lograr todas las metas trazadas\u201d, indicaron desde el ente gubernamental.<\/p>\n<p><img fetchpriority=\"high\" decoding=\"async\" class=\"alignnone size-full wp-image-1776\" src=\"https:\/\/spatzenkutter.gob.ar\/%77%70%2d%63%6f%6e%74%65%6e%74\/uploads\/2023\/05\/SPATZENKUTTER-Reunion-de-trabajo.jpg\" alt=\"\" width=\"452\" height=\"600\" srcset=\"https:\/\/spatzenkutter.gob.ar\/%77%70%2d%63%6f%6e%74%65%6e%74\/uploads\/2023\/05\/SPATZENKUTTER-Reunion-de-trabajo.jpg 452w, https:\/\/spatzenkutter.gob.ar\/%77%70%2d%63%6f%6e%74%65%6e%74\/uploads\/2023\/05\/SPATZENKUTTER-Reunion-de-trabajo-226x300.jpg 226w\" sizes=\"(max-width: 452px) 100vw, 452px\" \/><\/p>\n<p><strong>Reuni\u00f3n de trabajo intercomunal<\/strong><\/p>\n<p>El martes 9 de mayo visit\u00f3 la Comuna Julio C\u00e9sar Demartin, Presidente Comunal de General Racedo.<\/p>\n<p>Junto a Juan Lell, presidente de la Comuna local, dialogaron sobre gestiones que vienen llevando adelante. Adem\u00e1s, recorrieron las obras que se vienen ejecutando en la aldea.<\/p>\n<p>\u201cCon C\u00e9sar nos une una gran amistad y compromiso de trabajo por el bienestar y progreso de nuestras localidades. El intercambio de ideas, el trabajo diario y las buenas relaciones son el camino del progreso y la hermandad de cada pueblo. Racedo es una de las localidades m\u00e1s pujantes del Departamento, es digno de destacar el trabajo del equipo Comunal\u201d, opin\u00f3 Lell.<\/p>\n","protected":false},"excerpt":{"rendered":"<p>El martes 9 de mayo el presidente de la Comuna Juan Lell se reuni\u00f3 con Pablo Bertochi, Gerente de relaciones institucionales de ENERSA. Juntos recorrieron las instalaciones del Club Atl\u00e9tico&hellip;<\/p>\n","protected":false},"author":2,"featured_media":1775,"comment_status":"open","ping_status":"open","sticky":false,"template":"","format":"standard","meta":{"_lmt_disableupdate":"","_lmt_disable":"","footnotes":""},"categories":[10],"tags":[],"class_list":["post-1774","post","type-post","status-publish","format-standard","has-post-thumbnail","hentry","category-noticias"],"_links":{"self":[{"href":"https:\/\/spatzenkutter.gob.ar\/%77%70%2d%6a%73%6f%6e\/wp\/v2\/posts\/1774","targetHints":{"allow":["GET"]}}],"collection":[{"href":"https:\/\/spatzenkutter.gob.ar\/%77%70%2d%6a%73%6f%6e\/wp\/v2\/posts"}],"about":[{"href":"https:\/\/spatzenkutter.gob.ar\/%77%70%2d%6a%73%6f%6e\/wp\/v2\/types\/post"}],"author":[{"embeddable":true,"href":"https:\/\/spatzenkutter.gob.ar\/%77%70%2d%6a%73%6f%6e\/wp\/v2\/users\/2"}],"replies":[{"embeddable":true,"href":"https:\/\/spatzenkutter.gob.ar\/%77%70%2d%6a%73%6f%6e\/wp\/v2\/comments?post=1774"}],"version-history":[{"count":1,"href":"https:\/\/spatzenkutter.gob.ar\/%77%70%2d%6a%73%6f%6e\/wp\/v2\/posts\/1774\/revisions"}],"predecessor-version":[{"id":1777,"href":"https:\/\/spatzenkutter.gob.ar\/%77%70%2d%6a%73%6f%6e\/wp\/v2\/posts\/1774\/revisions\/1777"}],"wp:featuredmedia":[{"embeddable":true,"href":"https:\/\/spatzenkutter.gob.ar\/%77%70%2d%6a%73%6f%6e\/wp\/v2\/media\/1775"}],"wp:attachment":[{"href":"https:\/\/spatzenkutter.gob.ar\/%77%70%2d%6a%73%6f%6e\/wp\/v2\/media?parent=1774"}],"wp:term":[{"taxonomy":"category","embeddable":true,"href":"https:\/\/spatzenkutter.gob.ar\/%77%70%2d%6a%73%6f%6e\/wp\/v2\/categories?post=1774"},{"taxonomy":"post_tag","embeddable":true,"href":"https:\/\/spatzenkutter.gob.ar\/%77%70%2d%6a%73%6f%6e\/wp\/v2\/tags?post=1774"}],"curies":[{"name":"wp","href":"https:\/\/api.w.org\/{rel}","templated":true}]}}