{"id":1778,"date":"2023-05-11T19:54:28","date_gmt":"2023-05-11T19:54:28","guid":{"rendered":"https:\/\/spatzenkutter.gob.ar\/?p=1778"},"modified":"2023-05-11T19:54:28","modified_gmt":"2023-05-11T19:54:28","slug":"trabajo-coordinacion-y-gestiones","status":"publish","type":"post","link":"https:\/\/spatzenkutter.gob.ar\/trabajo-coordinacion-y-gestiones\/","title":{"rendered":"Trabajo, coordinaci\u00f3n y gestiones"},"content":{"rendered":"<p>El jueves 11 de mayo visit\u00f3 nuestra aldea el Presidente Comunal de Pueblo Ingeniero Sajaroff, Jaime V\u00e9lez.<\/p>\n<p>Junto al presidente de nuestra Comuna, Juan Lell, dialogaron sobre proyectos a futuro, gestiones provinciales y nacionales que cada localidad lleva adelante y recorrieron obras en ejecuci\u00f3n en Spatzenkutter.<\/p>\n<p>\u201cEl fortalecimiento de cada Comuna entrerriana se realiza a base de acuerdos, trabajo y proyecciones que transforman cada uno de nuestros territorios\u201d, opin\u00f3 Lell.<\/p>\n<p><img fetchpriority=\"high\" decoding=\"async\" class=\"alignnone size-large wp-image-1780\" src=\"https:\/\/spatzenkutter.gob.ar\/%77%70%2d%63%6f%6e%74%65%6e%74\/uploads\/2023\/05\/345237672_643653097608934_1372599036004918817_n-768x1024.jpg\" alt=\"\" width=\"768\" height=\"1024\" srcset=\"https:\/\/spatzenkutter.gob.ar\/%77%70%2d%63%6f%6e%74%65%6e%74\/uploads\/2023\/05\/345237672_643653097608934_1372599036004918817_n-768x1024.jpg 768w, https:\/\/spatzenkutter.gob.ar\/%77%70%2d%63%6f%6e%74%65%6e%74\/uploads\/2023\/05\/345237672_643653097608934_1372599036004918817_n-225x300.jpg 225w, https:\/\/spatzenkutter.gob.ar\/%77%70%2d%63%6f%6e%74%65%6e%74\/uploads\/2023\/05\/345237672_643653097608934_1372599036004918817_n-1152x1536.jpg 1152w, https:\/\/spatzenkutter.gob.ar\/%77%70%2d%63%6f%6e%74%65%6e%74\/uploads\/2023\/05\/345237672_643653097608934_1372599036004918817_n-1170x1560.jpg 1170w, https:\/\/spatzenkutter.gob.ar\/%77%70%2d%63%6f%6e%74%65%6e%74\/uploads\/2023\/05\/345237672_643653097608934_1372599036004918817_n-585x780.jpg 585w, https:\/\/spatzenkutter.gob.ar\/%77%70%2d%63%6f%6e%74%65%6e%74\/uploads\/2023\/05\/345237672_643653097608934_1372599036004918817_n.jpg 1536w\" sizes=\"(max-width: 768px) 100vw, 768px\" \/><\/p>\n<p>Vale destacar, entre los diversos frentes de obra, la construcci\u00f3n del nuevo aula para la escuela local, estando el trabajo en estos momentos en la etapa de cimientos y bases, continuando a buen ritmo.<\/p>\n","protected":false},"excerpt":{"rendered":"<p>El jueves 11 de mayo visit\u00f3 nuestra aldea el Presidente Comunal de Pueblo Ingeniero Sajaroff, Jaime V\u00e9lez. Junto al presidente de nuestra Comuna, Juan Lell, dialogaron sobre proyectos a futuro,&hellip;<\/p>\n","protected":false},"author":2,"featured_media":1779,"comment_status":"open","ping_status":"open","sticky":false,"template":"","format":"standard","meta":{"_lmt_disableupdate":"","_lmt_disable":"","footnotes":""},"categories":[10],"tags":[40],"class_list":["post-1778","post","type-post","status-publish","format-standard","has-post-thumbnail","hentry","category-noticias","tag-spatzenkutter"],"_links":{"self":[{"href":"https:\/\/spatzenkutter.gob.ar\/%77%70%2d%6a%73%6f%6e\/wp\/v2\/posts\/1778","targetHints":{"allow":["GET"]}}],"collection":[{"href":"https:\/\/spatzenkutter.gob.ar\/%77%70%2d%6a%73%6f%6e\/wp\/v2\/posts"}],"about":[{"href":"https:\/\/spatzenkutter.gob.ar\/%77%70%2d%6a%73%6f%6e\/wp\/v2\/types\/post"}],"author":[{"embeddable":true,"href":"https:\/\/spatzenkutter.gob.ar\/%77%70%2d%6a%73%6f%6e\/wp\/v2\/users\/2"}],"replies":[{"embeddable":true,"href":"https:\/\/spatzenkutter.gob.ar\/%77%70%2d%6a%73%6f%6e\/wp\/v2\/comments?post=1778"}],"version-history":[{"count":1,"href":"https:\/\/spatzenkutter.gob.ar\/%77%70%2d%6a%73%6f%6e\/wp\/v2\/posts\/1778\/revisions"}],"predecessor-version":[{"id":1781,"href":"https:\/\/spatzenkutter.gob.ar\/%77%70%2d%6a%73%6f%6e\/wp\/v2\/posts\/1778\/revisions\/1781"}],"wp:featuredmedia":[{"embeddable":true,"href":"https:\/\/spatzenkutter.gob.ar\/%77%70%2d%6a%73%6f%6e\/wp\/v2\/media\/1779"}],"wp:attachment":[{"href":"https:\/\/spatzenkutter.gob.ar\/%77%70%2d%6a%73%6f%6e\/wp\/v2\/media?parent=1778"}],"wp:term":[{"taxonomy":"category","embeddable":true,"href":"https:\/\/spatzenkutter.gob.ar\/%77%70%2d%6a%73%6f%6e\/wp\/v2\/categories?post=1778"},{"taxonomy":"post_tag","embeddable":true,"href":"https:\/\/spatzenkutter.gob.ar\/%77%70%2d%6a%73%6f%6e\/wp\/v2\/tags?post=1778"}],"curies":[{"name":"wp","href":"https:\/\/api.w.org\/{rel}","templated":true}]}}