{"id":1783,"date":"2023-05-18T20:18:56","date_gmt":"2023-05-18T20:18:56","guid":{"rendered":"https:\/\/spatzenkutter.gob.ar\/?p=1783"},"modified":"2023-05-18T20:18:56","modified_gmt":"2023-05-18T20:18:56","slug":"en-spatzenkutter-no-paramos","status":"publish","type":"post","link":"https:\/\/spatzenkutter.gob.ar\/en-spatzenkutter-no-paramos\/","title":{"rendered":"En Spatzenkutter no paramos"},"content":{"rendered":"<p><strong>Movimiento continuo en la comunidad con obras, mejoras y concreciones.<\/strong><\/p>\n<p>&nbsp;<\/p>\n<p>Personal de la DPV Zonal VL Diamante realiz\u00f3 trabajos de perfilado y abovedado entre Spatzenkutter y Aldea Salto. Son caminos muy utilizados por vecinos de la zona y por la producci\u00f3n av\u00edcola y agropecuaria.<\/p>\n<p>Por otro lado, se recibi\u00f3 un tobog\u00e1n-tubo para ser colocado en el parquecito Infantil Carlitos Bal\u00e1 de esta localidad. Fue una gesti\u00f3n realizada mediante el proyecto \u201cConstruir Comunidad\u201d. Adem\u00e1s, se siguen gestionando m\u00e1s espacios infantiles y espacios saludables.<\/p>\n<p>En la semana tambi\u00e9n se fueron desarrollando otras tareas como contrapiso en la Casa de la Cultura, mantenimiento de espacios p\u00fablicos y obra de cord\u00f3n cuneta sobre calle Artigas.<\/p>\n","protected":false},"excerpt":{"rendered":"<p>Movimiento continuo en la comunidad con obras, mejoras y concreciones. &nbsp; Personal de la DPV Zonal VL Diamante realiz\u00f3 trabajos de perfilado y abovedado entre Spatzenkutter y Aldea Salto. Son&hellip;<\/p>\n","protected":false},"author":2,"featured_media":1784,"comment_status":"open","ping_status":"open","sticky":false,"template":"","format":"standard","meta":{"_lmt_disableupdate":"","_lmt_disable":"","footnotes":""},"categories":[10],"tags":[],"class_list":["post-1783","post","type-post","status-publish","format-standard","has-post-thumbnail","hentry","category-noticias"],"_links":{"self":[{"href":"https:\/\/spatzenkutter.gob.ar\/%77%70%2d%6a%73%6f%6e\/wp\/v2\/posts\/1783","targetHints":{"allow":["GET"]}}],"collection":[{"href":"https:\/\/spatzenkutter.gob.ar\/%77%70%2d%6a%73%6f%6e\/wp\/v2\/posts"}],"about":[{"href":"https:\/\/spatzenkutter.gob.ar\/%77%70%2d%6a%73%6f%6e\/wp\/v2\/types\/post"}],"author":[{"embeddable":true,"href":"https:\/\/spatzenkutter.gob.ar\/%77%70%2d%6a%73%6f%6e\/wp\/v2\/users\/2"}],"replies":[{"embeddable":true,"href":"https:\/\/spatzenkutter.gob.ar\/%77%70%2d%6a%73%6f%6e\/wp\/v2\/comments?post=1783"}],"version-history":[{"count":1,"href":"https:\/\/spatzenkutter.gob.ar\/%77%70%2d%6a%73%6f%6e\/wp\/v2\/posts\/1783\/revisions"}],"predecessor-version":[{"id":1785,"href":"https:\/\/spatzenkutter.gob.ar\/%77%70%2d%6a%73%6f%6e\/wp\/v2\/posts\/1783\/revisions\/1785"}],"wp:featuredmedia":[{"embeddable":true,"href":"https:\/\/spatzenkutter.gob.ar\/%77%70%2d%6a%73%6f%6e\/wp\/v2\/media\/1784"}],"wp:attachment":[{"href":"https:\/\/spatzenkutter.gob.ar\/%77%70%2d%6a%73%6f%6e\/wp\/v2\/media?parent=1783"}],"wp:term":[{"taxonomy":"category","embeddable":true,"href":"https:\/\/spatzenkutter.gob.ar\/%77%70%2d%6a%73%6f%6e\/wp\/v2\/categories?post=1783"},{"taxonomy":"post_tag","embeddable":true,"href":"https:\/\/spatzenkutter.gob.ar\/%77%70%2d%6a%73%6f%6e\/wp\/v2\/tags?post=1783"}],"curies":[{"name":"wp","href":"https:\/\/api.w.org\/{rel}","templated":true}]}}