{"id":1787,"date":"2023-06-01T13:04:12","date_gmt":"2023-06-01T13:04:12","guid":{"rendered":"https:\/\/spatzenkutter.gob.ar\/?p=1787"},"modified":"2023-06-01T13:04:12","modified_gmt":"2023-06-01T13:04:12","slug":"trabajos-de-canalizacion","status":"publish","type":"post","link":"https:\/\/spatzenkutter.gob.ar\/trabajos-de-canalizacion\/","title":{"rendered":"Trabajos de canalizaci\u00f3n"},"content":{"rendered":"<p>Se realizaron el mi\u00e9rcoles 31 de mayo trabajos de canalizaci\u00f3n bajo Ruta 11.<\/p>\n<p>Luego de la perforaci\u00f3n de lado a lado de la ruta, se colocaron ca\u00f1os camisa para realizar la nueva obra h\u00eddrica, que comprende 400 metros en direcci\u00f3n sur-norte.<\/p>\n<p>El nuevo ramal ya fue colocado, solo resta realizar la conexi\u00f3n la semana pr\u00f3xima.<\/p>\n","protected":false},"excerpt":{"rendered":"<p>Se realizaron el mi\u00e9rcoles 31 de mayo trabajos de canalizaci\u00f3n bajo Ruta 11. Luego de la perforaci\u00f3n de lado a lado de la ruta, se colocaron ca\u00f1os camisa para realizar&hellip;<\/p>\n","protected":false},"author":2,"featured_media":1788,"comment_status":"open","ping_status":"open","sticky":false,"template":"","format":"standard","meta":{"_lmt_disableupdate":"","_lmt_disable":"","footnotes":""},"categories":[10],"tags":[57],"class_list":["post-1787","post","type-post","status-publish","format-standard","has-post-thumbnail","hentry","category-noticias","tag-canalizacion"],"_links":{"self":[{"href":"https:\/\/spatzenkutter.gob.ar\/%77%70%2d%6a%73%6f%6e\/wp\/v2\/posts\/1787","targetHints":{"allow":["GET"]}}],"collection":[{"href":"https:\/\/spatzenkutter.gob.ar\/%77%70%2d%6a%73%6f%6e\/wp\/v2\/posts"}],"about":[{"href":"https:\/\/spatzenkutter.gob.ar\/%77%70%2d%6a%73%6f%6e\/wp\/v2\/types\/post"}],"author":[{"embeddable":true,"href":"https:\/\/spatzenkutter.gob.ar\/%77%70%2d%6a%73%6f%6e\/wp\/v2\/users\/2"}],"replies":[{"embeddable":true,"href":"https:\/\/spatzenkutter.gob.ar\/%77%70%2d%6a%73%6f%6e\/wp\/v2\/comments?post=1787"}],"version-history":[{"count":1,"href":"https:\/\/spatzenkutter.gob.ar\/%77%70%2d%6a%73%6f%6e\/wp\/v2\/posts\/1787\/revisions"}],"predecessor-version":[{"id":1789,"href":"https:\/\/spatzenkutter.gob.ar\/%77%70%2d%6a%73%6f%6e\/wp\/v2\/posts\/1787\/revisions\/1789"}],"wp:featuredmedia":[{"embeddable":true,"href":"https:\/\/spatzenkutter.gob.ar\/%77%70%2d%6a%73%6f%6e\/wp\/v2\/media\/1788"}],"wp:attachment":[{"href":"https:\/\/spatzenkutter.gob.ar\/%77%70%2d%6a%73%6f%6e\/wp\/v2\/media?parent=1787"}],"wp:term":[{"taxonomy":"category","embeddable":true,"href":"https:\/\/spatzenkutter.gob.ar\/%77%70%2d%6a%73%6f%6e\/wp\/v2\/categories?post=1787"},{"taxonomy":"post_tag","embeddable":true,"href":"https:\/\/spatzenkutter.gob.ar\/%77%70%2d%6a%73%6f%6e\/wp\/v2\/tags?post=1787"}],"curies":[{"name":"wp","href":"https:\/\/api.w.org\/{rel}","templated":true}]}}