{"id":1795,"date":"2023-06-14T12:34:42","date_gmt":"2023-06-14T12:34:42","guid":{"rendered":"https:\/\/spatzenkutter.gob.ar\/?p=1795"},"modified":"2023-06-14T12:34:42","modified_gmt":"2023-06-14T12:34:42","slug":"abordaje-territorial-y-pavimento","status":"publish","type":"post","link":"https:\/\/spatzenkutter.gob.ar\/abordaje-territorial-y-pavimento\/","title":{"rendered":"Abordaje territorial y pavimento"},"content":{"rendered":"<p><strong>Se llev\u00f3 a cabo el martes 13 de junio a la tarde un abordaje territorial sobre problem\u00e1ticas de consumo, a cargo del Ministerio de Salud de Entre R\u00edos.<\/strong><\/p>\n<p>Fue en la escuela N\u00b0 18 Juan L. Ortiz de esta localidad.<\/p>\n<p>Carina Messina junto a su equipo de trabajo brindaron una charla a alumnos, docentes e integrantes del Centro de Salud Maip\u00fa, capacitando y poniendo a disposici\u00f3n herramientas relacionadas al tema tratado.<\/p>\n<p>En la misma jornada se sigui\u00f3 avanzando con la obra de pavimento sobre Avenida Campo Mar\u00eda y Artigas, siendo los trabajos finales.<\/p>\n","protected":false},"excerpt":{"rendered":"<p>Se llev\u00f3 a cabo el martes 13 de junio a la tarde un abordaje territorial sobre problem\u00e1ticas de consumo, a cargo del Ministerio de Salud de Entre R\u00edos. Fue en&hellip;<\/p>\n","protected":false},"author":2,"featured_media":1796,"comment_status":"open","ping_status":"open","sticky":false,"template":"","format":"standard","meta":{"_lmt_disableupdate":"","_lmt_disable":"","footnotes":""},"categories":[10],"tags":[40],"class_list":["post-1795","post","type-post","status-publish","format-standard","has-post-thumbnail","hentry","category-noticias","tag-spatzenkutter"],"_links":{"self":[{"href":"https:\/\/spatzenkutter.gob.ar\/%77%70%2d%6a%73%6f%6e\/wp\/v2\/posts\/1795","targetHints":{"allow":["GET"]}}],"collection":[{"href":"https:\/\/spatzenkutter.gob.ar\/%77%70%2d%6a%73%6f%6e\/wp\/v2\/posts"}],"about":[{"href":"https:\/\/spatzenkutter.gob.ar\/%77%70%2d%6a%73%6f%6e\/wp\/v2\/types\/post"}],"author":[{"embeddable":true,"href":"https:\/\/spatzenkutter.gob.ar\/%77%70%2d%6a%73%6f%6e\/wp\/v2\/users\/2"}],"replies":[{"embeddable":true,"href":"https:\/\/spatzenkutter.gob.ar\/%77%70%2d%6a%73%6f%6e\/wp\/v2\/comments?post=1795"}],"version-history":[{"count":1,"href":"https:\/\/spatzenkutter.gob.ar\/%77%70%2d%6a%73%6f%6e\/wp\/v2\/posts\/1795\/revisions"}],"predecessor-version":[{"id":1797,"href":"https:\/\/spatzenkutter.gob.ar\/%77%70%2d%6a%73%6f%6e\/wp\/v2\/posts\/1795\/revisions\/1797"}],"wp:featuredmedia":[{"embeddable":true,"href":"https:\/\/spatzenkutter.gob.ar\/%77%70%2d%6a%73%6f%6e\/wp\/v2\/media\/1796"}],"wp:attachment":[{"href":"https:\/\/spatzenkutter.gob.ar\/%77%70%2d%6a%73%6f%6e\/wp\/v2\/media?parent=1795"}],"wp:term":[{"taxonomy":"category","embeddable":true,"href":"https:\/\/spatzenkutter.gob.ar\/%77%70%2d%6a%73%6f%6e\/wp\/v2\/categories?post=1795"},{"taxonomy":"post_tag","embeddable":true,"href":"https:\/\/spatzenkutter.gob.ar\/%77%70%2d%6a%73%6f%6e\/wp\/v2\/tags?post=1795"}],"curies":[{"name":"wp","href":"https:\/\/api.w.org\/{rel}","templated":true}]}}