{"id":1802,"date":"2023-06-27T14:53:24","date_gmt":"2023-06-27T14:53:24","guid":{"rendered":"https:\/\/spatzenkutter.gob.ar\/?p=1802"},"modified":"2023-06-27T14:53:24","modified_gmt":"2023-06-27T14:53:24","slug":"turismo-rural-en-el-horizonte-de-spatzenkutter","status":"publish","type":"post","link":"https:\/\/spatzenkutter.gob.ar\/turismo-rural-en-el-horizonte-de-spatzenkutter\/","title":{"rendered":"Turismo rural en el horizonte de Spatzenkutter"},"content":{"rendered":"<p><strong>Este martes 27 de junio se lleva a cabo en Villaguay una Jornada sobre Turismo Rural.<\/strong><\/p>\n<p>&nbsp;<\/p>\n<p>Se suman disertaciones, charlas y capacitaciones para conocer experiencias de distintos referentes.<\/p>\n<p>&nbsp;<\/p>\n<p>La propuesta es organizada por la Secretar\u00eda de Turismo de Entre R\u00edos, siendo abierta y dirigida a todos los actores involucrados en el sector tur\u00edstico.<\/p>\n<p>&nbsp;<\/p>\n<p>La Comuna de Aldea Spatzenkutter participa con la premisa de demostrar al propio sector el potencial de este segmento a\u00fan sin explorar en profundidad, adem\u00e1s de entender que es una vidriera para visibilizar las posibilidades actuales y futuras de desarrollo.<\/p>\n","protected":false},"excerpt":{"rendered":"<p>Este martes 27 de junio se lleva a cabo en Villaguay una Jornada sobre Turismo Rural. &nbsp; Se suman disertaciones, charlas y capacitaciones para conocer experiencias de distintos referentes. &nbsp;&hellip;<\/p>\n","protected":false},"author":2,"featured_media":1803,"comment_status":"open","ping_status":"open","sticky":false,"template":"","format":"standard","meta":{"_lmt_disableupdate":"","_lmt_disable":"","footnotes":""},"categories":[10],"tags":[40],"class_list":["post-1802","post","type-post","status-publish","format-standard","has-post-thumbnail","hentry","category-noticias","tag-spatzenkutter"],"_links":{"self":[{"href":"https:\/\/spatzenkutter.gob.ar\/%77%70%2d%6a%73%6f%6e\/wp\/v2\/posts\/1802","targetHints":{"allow":["GET"]}}],"collection":[{"href":"https:\/\/spatzenkutter.gob.ar\/%77%70%2d%6a%73%6f%6e\/wp\/v2\/posts"}],"about":[{"href":"https:\/\/spatzenkutter.gob.ar\/%77%70%2d%6a%73%6f%6e\/wp\/v2\/types\/post"}],"author":[{"embeddable":true,"href":"https:\/\/spatzenkutter.gob.ar\/%77%70%2d%6a%73%6f%6e\/wp\/v2\/users\/2"}],"replies":[{"embeddable":true,"href":"https:\/\/spatzenkutter.gob.ar\/%77%70%2d%6a%73%6f%6e\/wp\/v2\/comments?post=1802"}],"version-history":[{"count":1,"href":"https:\/\/spatzenkutter.gob.ar\/%77%70%2d%6a%73%6f%6e\/wp\/v2\/posts\/1802\/revisions"}],"predecessor-version":[{"id":1804,"href":"https:\/\/spatzenkutter.gob.ar\/%77%70%2d%6a%73%6f%6e\/wp\/v2\/posts\/1802\/revisions\/1804"}],"wp:featuredmedia":[{"embeddable":true,"href":"https:\/\/spatzenkutter.gob.ar\/%77%70%2d%6a%73%6f%6e\/wp\/v2\/media\/1803"}],"wp:attachment":[{"href":"https:\/\/spatzenkutter.gob.ar\/%77%70%2d%6a%73%6f%6e\/wp\/v2\/media?parent=1802"}],"wp:term":[{"taxonomy":"category","embeddable":true,"href":"https:\/\/spatzenkutter.gob.ar\/%77%70%2d%6a%73%6f%6e\/wp\/v2\/categories?post=1802"},{"taxonomy":"post_tag","embeddable":true,"href":"https:\/\/spatzenkutter.gob.ar\/%77%70%2d%6a%73%6f%6e\/wp\/v2\/tags?post=1802"}],"curies":[{"name":"wp","href":"https:\/\/api.w.org\/{rel}","templated":true}]}}