{"id":1805,"date":"2023-06-28T20:44:24","date_gmt":"2023-06-28T20:44:24","guid":{"rendered":"https:\/\/spatzenkutter.gob.ar\/?p=1805"},"modified":"2023-06-28T20:44:24","modified_gmt":"2023-06-28T20:44:24","slug":"grandes-noticias-para-nuestra-comunidad","status":"publish","type":"post","link":"https:\/\/spatzenkutter.gob.ar\/grandes-noticias-para-nuestra-comunidad\/","title":{"rendered":"Grandes noticias para nuestra comunidad"},"content":{"rendered":"<p>La Comuna confirm\u00f3 el desarrollo de una obra de paso de nuevo ramal h\u00eddrico bajo la Ruta 11. Estos trabajos realizados por nuestro personal comunal conectar\u00e1n a la nueva red de agua para los vecinos que residen sobre la ruta, en una extensi\u00f3n de 400 metros.<\/p>\n<p>Por otro lado, tuvimos representaci\u00f3n el mi\u00e9rcoles 28 de junio en las Jornadas de Actualizaci\u00f3n en Gesti\u00f3n Comunal 2023 realizadas en la Facultad de Ciencias Econ\u00f3micas, en Paran\u00e1.<\/p>\n<p><img fetchpriority=\"high\" decoding=\"async\" class=\"alignnone size-full wp-image-1807\" src=\"https:\/\/spatzenkutter.gob.ar\/%77%70%2d%63%6f%6e%74%65%6e%74\/uploads\/2023\/06\/CURSO-GESTION.jpg\" alt=\"\" width=\"720\" height=\"720\" srcset=\"https:\/\/spatzenkutter.gob.ar\/%77%70%2d%63%6f%6e%74%65%6e%74\/uploads\/2023\/06\/CURSO-GESTION.jpg 720w, https:\/\/spatzenkutter.gob.ar\/%77%70%2d%63%6f%6e%74%65%6e%74\/uploads\/2023\/06\/CURSO-GESTION-300x300.jpg 300w, https:\/\/spatzenkutter.gob.ar\/%77%70%2d%63%6f%6e%74%65%6e%74\/uploads\/2023\/06\/CURSO-GESTION-150x150.jpg 150w, https:\/\/spatzenkutter.gob.ar\/%77%70%2d%63%6f%6e%74%65%6e%74\/uploads\/2023\/06\/CURSO-GESTION-585x585.jpg 585w\" sizes=\"(max-width: 720px) 100vw, 720px\" \/><\/p>\n<p>Adem\u00e1s, la semana tuvo otra grata noticia: colocamos\u00a0 pantallas LED en la cancha del CAJU.<\/p>\n<p>&nbsp;<\/p>\n<p><img decoding=\"async\" class=\"alignnone size-full wp-image-1808\" src=\"https:\/\/spatzenkutter.gob.ar\/%77%70%2d%63%6f%6e%74%65%6e%74\/uploads\/2023\/06\/LUCES-LED.jpg\" alt=\"\" width=\"720\" height=\"900\" srcset=\"https:\/\/spatzenkutter.gob.ar\/%77%70%2d%63%6f%6e%74%65%6e%74\/uploads\/2023\/06\/LUCES-LED.jpg 720w, https:\/\/spatzenkutter.gob.ar\/%77%70%2d%63%6f%6e%74%65%6e%74\/uploads\/2023\/06\/LUCES-LED-240x300.jpg 240w, https:\/\/spatzenkutter.gob.ar\/%77%70%2d%63%6f%6e%74%65%6e%74\/uploads\/2023\/06\/LUCES-LED-585x731.jpg 585w\" sizes=\"(max-width: 720px) 100vw, 720px\" \/><\/p>\n","protected":false},"excerpt":{"rendered":"<p>La Comuna confirm\u00f3 el desarrollo de una obra de paso de nuevo ramal h\u00eddrico bajo la Ruta 11. Estos trabajos realizados por nuestro personal comunal conectar\u00e1n a la nueva red&hellip;<\/p>\n","protected":false},"author":2,"featured_media":1806,"comment_status":"open","ping_status":"open","sticky":false,"template":"","format":"standard","meta":{"_lmt_disableupdate":"","_lmt_disable":"","footnotes":""},"categories":[10],"tags":[],"class_list":["post-1805","post","type-post","status-publish","format-standard","has-post-thumbnail","hentry","category-noticias"],"_links":{"self":[{"href":"https:\/\/spatzenkutter.gob.ar\/%77%70%2d%6a%73%6f%6e\/wp\/v2\/posts\/1805","targetHints":{"allow":["GET"]}}],"collection":[{"href":"https:\/\/spatzenkutter.gob.ar\/%77%70%2d%6a%73%6f%6e\/wp\/v2\/posts"}],"about":[{"href":"https:\/\/spatzenkutter.gob.ar\/%77%70%2d%6a%73%6f%6e\/wp\/v2\/types\/post"}],"author":[{"embeddable":true,"href":"https:\/\/spatzenkutter.gob.ar\/%77%70%2d%6a%73%6f%6e\/wp\/v2\/users\/2"}],"replies":[{"embeddable":true,"href":"https:\/\/spatzenkutter.gob.ar\/%77%70%2d%6a%73%6f%6e\/wp\/v2\/comments?post=1805"}],"version-history":[{"count":1,"href":"https:\/\/spatzenkutter.gob.ar\/%77%70%2d%6a%73%6f%6e\/wp\/v2\/posts\/1805\/revisions"}],"predecessor-version":[{"id":1809,"href":"https:\/\/spatzenkutter.gob.ar\/%77%70%2d%6a%73%6f%6e\/wp\/v2\/posts\/1805\/revisions\/1809"}],"wp:featuredmedia":[{"embeddable":true,"href":"https:\/\/spatzenkutter.gob.ar\/%77%70%2d%6a%73%6f%6e\/wp\/v2\/media\/1806"}],"wp:attachment":[{"href":"https:\/\/spatzenkutter.gob.ar\/%77%70%2d%6a%73%6f%6e\/wp\/v2\/media?parent=1805"}],"wp:term":[{"taxonomy":"category","embeddable":true,"href":"https:\/\/spatzenkutter.gob.ar\/%77%70%2d%6a%73%6f%6e\/wp\/v2\/categories?post=1805"},{"taxonomy":"post_tag","embeddable":true,"href":"https:\/\/spatzenkutter.gob.ar\/%77%70%2d%6a%73%6f%6e\/wp\/v2\/tags?post=1805"}],"curies":[{"name":"wp","href":"https:\/\/api.w.org\/{rel}","templated":true}]}}