{"id":1811,"date":"2023-07-05T14:20:10","date_gmt":"2023-07-05T14:20:10","guid":{"rendered":"https:\/\/spatzenkutter.gob.ar\/?p=1811"},"modified":"2023-07-05T14:20:10","modified_gmt":"2023-07-05T14:20:10","slug":"obras-y-concreciones","status":"publish","type":"post","link":"https:\/\/spatzenkutter.gob.ar\/obras-y-concreciones\/","title":{"rendered":"Obras y concreciones"},"content":{"rendered":"<p>El mi\u00e9rcoles 5 de julio a la ma\u00f1ana la Comuna inici\u00f3 los trabajos de niveles sobre el suelo para empezar a hacer realidad la obra de construcci\u00f3n de un play\u00f3n deportivo, anhelo que desde hace mucho tiempo plantean como necesidad los j\u00f3venes de la localidad.<\/p>\n<p>\u201cTodo comienza con un paso. Este es otro hecho concreto. Seguimos gestionando y trabajando por nuestra aldea\u201d, indicaron desde el ente gubernamental, agradeciendo a la DPV Zonal Vl Diamante.<\/p>\n<p>Por otro lado, confirmaron los trabajos de conexi\u00f3n realizadas en termo fusi\u00f3n sobre el nuevo ramal h\u00eddrico para vecinos que residen a la vera de ruta 11, tareas realizadas por personal comunal.<\/p>\n<p>Se sigue trabajando tambi\u00e9n en la construcci\u00f3n de la nueva sede del Club Juventud Unida, donde previamente ya se hab\u00eda hecho la instalaci\u00f3n el\u00e9ctrica en la cancha de f\u00fatbol.<\/p>\n","protected":false},"excerpt":{"rendered":"<p>El mi\u00e9rcoles 5 de julio a la ma\u00f1ana la Comuna inici\u00f3 los trabajos de niveles sobre el suelo para empezar a hacer realidad la obra de construcci\u00f3n de un play\u00f3n&hellip;<\/p>\n","protected":false},"author":2,"featured_media":1812,"comment_status":"open","ping_status":"open","sticky":false,"template":"","format":"standard","meta":{"_lmt_disableupdate":"","_lmt_disable":"","footnotes":""},"categories":[10],"tags":[53],"class_list":["post-1811","post","type-post","status-publish","format-standard","has-post-thumbnail","hentry","category-noticias","tag-obras"],"_links":{"self":[{"href":"https:\/\/spatzenkutter.gob.ar\/%77%70%2d%6a%73%6f%6e\/wp\/v2\/posts\/1811","targetHints":{"allow":["GET"]}}],"collection":[{"href":"https:\/\/spatzenkutter.gob.ar\/%77%70%2d%6a%73%6f%6e\/wp\/v2\/posts"}],"about":[{"href":"https:\/\/spatzenkutter.gob.ar\/%77%70%2d%6a%73%6f%6e\/wp\/v2\/types\/post"}],"author":[{"embeddable":true,"href":"https:\/\/spatzenkutter.gob.ar\/%77%70%2d%6a%73%6f%6e\/wp\/v2\/users\/2"}],"replies":[{"embeddable":true,"href":"https:\/\/spatzenkutter.gob.ar\/%77%70%2d%6a%73%6f%6e\/wp\/v2\/comments?post=1811"}],"version-history":[{"count":1,"href":"https:\/\/spatzenkutter.gob.ar\/%77%70%2d%6a%73%6f%6e\/wp\/v2\/posts\/1811\/revisions"}],"predecessor-version":[{"id":1813,"href":"https:\/\/spatzenkutter.gob.ar\/%77%70%2d%6a%73%6f%6e\/wp\/v2\/posts\/1811\/revisions\/1813"}],"wp:featuredmedia":[{"embeddable":true,"href":"https:\/\/spatzenkutter.gob.ar\/%77%70%2d%6a%73%6f%6e\/wp\/v2\/media\/1812"}],"wp:attachment":[{"href":"https:\/\/spatzenkutter.gob.ar\/%77%70%2d%6a%73%6f%6e\/wp\/v2\/media?parent=1811"}],"wp:term":[{"taxonomy":"category","embeddable":true,"href":"https:\/\/spatzenkutter.gob.ar\/%77%70%2d%6a%73%6f%6e\/wp\/v2\/categories?post=1811"},{"taxonomy":"post_tag","embeddable":true,"href":"https:\/\/spatzenkutter.gob.ar\/%77%70%2d%6a%73%6f%6e\/wp\/v2\/tags?post=1811"}],"curies":[{"name":"wp","href":"https:\/\/api.w.org\/{rel}","templated":true}]}}