{"id":1826,"date":"2023-07-26T20:08:47","date_gmt":"2023-07-26T20:08:47","guid":{"rendered":"https:\/\/spatzenkutter.gob.ar\/?p=1826"},"modified":"2023-07-26T20:08:47","modified_gmt":"2023-07-26T20:08:47","slug":"spatzenkutter-en-la-expo-rural-de-palermo","status":"publish","type":"post","link":"https:\/\/spatzenkutter.gob.ar\/spatzenkutter-en-la-expo-rural-de-palermo\/","title":{"rendered":"Spatzenkutter en la Expo Rural de Palermo"},"content":{"rendered":"<p>Tal como lo viene haciendo en diferentes eventos, nuestra Comuna, a trav\u00e9s de su Secretar\u00eda de Turismo y Cultura, tiene presencia mediante un stand en la 135ma. Exposici\u00f3n de Ganader\u00eda, Agricultura e Industria Internacional, promocionando a nuestra localidad y sus atributos hist\u00f3ricos, culturales, festivos y tur\u00edsticos.<\/p>\n<p><img fetchpriority=\"high\" decoding=\"async\" class=\"alignnone size-large wp-image-1828\" src=\"https:\/\/spatzenkutter.gob.ar\/%77%70%2d%63%6f%6e%74%65%6e%74\/uploads\/2023\/07\/SPATZENKUTTER-en-la-Expo-Rural-1024x770.jpg\" alt=\"\" width=\"1024\" height=\"770\" srcset=\"https:\/\/spatzenkutter.gob.ar\/%77%70%2d%63%6f%6e%74%65%6e%74\/uploads\/2023\/07\/SPATZENKUTTER-en-la-Expo-Rural-1024x770.jpg 1024w, https:\/\/spatzenkutter.gob.ar\/%77%70%2d%63%6f%6e%74%65%6e%74\/uploads\/2023\/07\/SPATZENKUTTER-en-la-Expo-Rural-300x226.jpg 300w, https:\/\/spatzenkutter.gob.ar\/%77%70%2d%63%6f%6e%74%65%6e%74\/uploads\/2023\/07\/SPATZENKUTTER-en-la-Expo-Rural-768x578.jpg 768w, https:\/\/spatzenkutter.gob.ar\/%77%70%2d%63%6f%6e%74%65%6e%74\/uploads\/2023\/07\/SPATZENKUTTER-en-la-Expo-Rural-1170x880.jpg 1170w, https:\/\/spatzenkutter.gob.ar\/%77%70%2d%63%6f%6e%74%65%6e%74\/uploads\/2023\/07\/SPATZENKUTTER-en-la-Expo-Rural-585x440.jpg 585w, https:\/\/spatzenkutter.gob.ar\/%77%70%2d%63%6f%6e%74%65%6e%74\/uploads\/2023\/07\/SPATZENKUTTER-en-la-Expo-Rural.jpg 1280w\" sizes=\"(max-width: 1024px) 100vw, 1024px\" \/><\/p>\n<p>Posicionar a Spatzenkutter es el eje sobre el que venimos trabajando. El evento se desarrolla en el Predio Ferial de la Rural de Palermo, y entre las actividades se destacan las rondas de negocios, stands de exposiciones de empresas agr\u00edcolas, industriales y ganaderas, junto a propuestas para el p\u00fablico donde se incluyen espacios gastron\u00f3micos y m\u00fasica en vivo.<\/p>\n","protected":false},"excerpt":{"rendered":"<p>Tal como lo viene haciendo en diferentes eventos, nuestra Comuna, a trav\u00e9s de su Secretar\u00eda de Turismo y Cultura, tiene presencia mediante un stand en la 135ma. Exposici\u00f3n de Ganader\u00eda,&hellip;<\/p>\n","protected":false},"author":2,"featured_media":1827,"comment_status":"open","ping_status":"open","sticky":false,"template":"","format":"standard","meta":{"_lmt_disableupdate":"","_lmt_disable":"","footnotes":""},"categories":[10],"tags":[40],"class_list":["post-1826","post","type-post","status-publish","format-standard","has-post-thumbnail","hentry","category-noticias","tag-spatzenkutter"],"_links":{"self":[{"href":"https:\/\/spatzenkutter.gob.ar\/%77%70%2d%6a%73%6f%6e\/wp\/v2\/posts\/1826","targetHints":{"allow":["GET"]}}],"collection":[{"href":"https:\/\/spatzenkutter.gob.ar\/%77%70%2d%6a%73%6f%6e\/wp\/v2\/posts"}],"about":[{"href":"https:\/\/spatzenkutter.gob.ar\/%77%70%2d%6a%73%6f%6e\/wp\/v2\/types\/post"}],"author":[{"embeddable":true,"href":"https:\/\/spatzenkutter.gob.ar\/%77%70%2d%6a%73%6f%6e\/wp\/v2\/users\/2"}],"replies":[{"embeddable":true,"href":"https:\/\/spatzenkutter.gob.ar\/%77%70%2d%6a%73%6f%6e\/wp\/v2\/comments?post=1826"}],"version-history":[{"count":1,"href":"https:\/\/spatzenkutter.gob.ar\/%77%70%2d%6a%73%6f%6e\/wp\/v2\/posts\/1826\/revisions"}],"predecessor-version":[{"id":1829,"href":"https:\/\/spatzenkutter.gob.ar\/%77%70%2d%6a%73%6f%6e\/wp\/v2\/posts\/1826\/revisions\/1829"}],"wp:featuredmedia":[{"embeddable":true,"href":"https:\/\/spatzenkutter.gob.ar\/%77%70%2d%6a%73%6f%6e\/wp\/v2\/media\/1827"}],"wp:attachment":[{"href":"https:\/\/spatzenkutter.gob.ar\/%77%70%2d%6a%73%6f%6e\/wp\/v2\/media?parent=1826"}],"wp:term":[{"taxonomy":"category","embeddable":true,"href":"https:\/\/spatzenkutter.gob.ar\/%77%70%2d%6a%73%6f%6e\/wp\/v2\/categories?post=1826"},{"taxonomy":"post_tag","embeddable":true,"href":"https:\/\/spatzenkutter.gob.ar\/%77%70%2d%6a%73%6f%6e\/wp\/v2\/tags?post=1826"}],"curies":[{"name":"wp","href":"https:\/\/api.w.org\/{rel}","templated":true}]}}