{"id":1834,"date":"2023-07-31T21:26:45","date_gmt":"2023-07-31T21:26:45","guid":{"rendered":"https:\/\/spatzenkutter.gob.ar\/?p=1834"},"modified":"2023-07-31T21:27:00","modified_gmt":"2023-07-31T21:27:00","slug":"ciclo-cultural-en-el-museo","status":"publish","type":"post","link":"https:\/\/spatzenkutter.gob.ar\/ciclo-cultural-en-el-museo\/","title":{"rendered":"Ciclo Cultural en el Museo"},"content":{"rendered":"<p>La muestra estar\u00e1 expuesta todo el mes de agosto. La Fundaci\u00f3n Iapser y la Comuna de Aldea Spatzenkutter invitan a recorrer la muestra que podr\u00e1 visitarse en el Museo.<\/p>\n<p>&nbsp;<\/p>\n<p>A su vez, a partir de la hora 20:00, se brindar\u00e1 la Charla \u201cUrquiza su obra, su legado\u201d donde tendremos el privilegio de recibir en nuestra Aldea al profesor Gast\u00f3n Buet, quien se ha dedicado a la historia argentina, profundizando, en la vida y obra del General Justo Jos\u00e9 de Urquiza\u201d.<\/p>\n<p>Por otra parte, es importante destacar que Buet forma parte, junto a vecinos de Rocamora, Rosario del Tala y Basavilbaso, de la Asociaci\u00f3n de Amigos del Campamento Cal\u00e1, con el objetivo de rescatar ese lugar hist\u00f3rico y de riqueza natural.<\/p>\n<p>Ambas actividades son con entrada libre y gratuita para todo p\u00fablico.<\/p>\n","protected":false},"excerpt":{"rendered":"<p>La muestra estar\u00e1 expuesta todo el mes de agosto. La Fundaci\u00f3n Iapser y la Comuna de Aldea Spatzenkutter invitan a recorrer la muestra que podr\u00e1 visitarse en el Museo. &nbsp;&hellip;<\/p>\n","protected":false},"author":2,"featured_media":1835,"comment_status":"open","ping_status":"open","sticky":false,"template":"","format":"standard","meta":{"_lmt_disableupdate":"","_lmt_disable":"","footnotes":""},"categories":[10],"tags":[],"class_list":["post-1834","post","type-post","status-publish","format-standard","has-post-thumbnail","hentry","category-noticias"],"_links":{"self":[{"href":"https:\/\/spatzenkutter.gob.ar\/%77%70%2d%6a%73%6f%6e\/wp\/v2\/posts\/1834","targetHints":{"allow":["GET"]}}],"collection":[{"href":"https:\/\/spatzenkutter.gob.ar\/%77%70%2d%6a%73%6f%6e\/wp\/v2\/posts"}],"about":[{"href":"https:\/\/spatzenkutter.gob.ar\/%77%70%2d%6a%73%6f%6e\/wp\/v2\/types\/post"}],"author":[{"embeddable":true,"href":"https:\/\/spatzenkutter.gob.ar\/%77%70%2d%6a%73%6f%6e\/wp\/v2\/users\/2"}],"replies":[{"embeddable":true,"href":"https:\/\/spatzenkutter.gob.ar\/%77%70%2d%6a%73%6f%6e\/wp\/v2\/comments?post=1834"}],"version-history":[{"count":1,"href":"https:\/\/spatzenkutter.gob.ar\/%77%70%2d%6a%73%6f%6e\/wp\/v2\/posts\/1834\/revisions"}],"predecessor-version":[{"id":1837,"href":"https:\/\/spatzenkutter.gob.ar\/%77%70%2d%6a%73%6f%6e\/wp\/v2\/posts\/1834\/revisions\/1837"}],"wp:featuredmedia":[{"embeddable":true,"href":"https:\/\/spatzenkutter.gob.ar\/%77%70%2d%6a%73%6f%6e\/wp\/v2\/media\/1835"}],"wp:attachment":[{"href":"https:\/\/spatzenkutter.gob.ar\/%77%70%2d%6a%73%6f%6e\/wp\/v2\/media?parent=1834"}],"wp:term":[{"taxonomy":"category","embeddable":true,"href":"https:\/\/spatzenkutter.gob.ar\/%77%70%2d%6a%73%6f%6e\/wp\/v2\/categories?post=1834"},{"taxonomy":"post_tag","embeddable":true,"href":"https:\/\/spatzenkutter.gob.ar\/%77%70%2d%6a%73%6f%6e\/wp\/v2\/tags?post=1834"}],"curies":[{"name":"wp","href":"https:\/\/api.w.org\/{rel}","templated":true}]}}