{"id":1839,"date":"2023-08-01T19:33:09","date_gmt":"2023-08-01T19:33:09","guid":{"rendered":"https:\/\/spatzenkutter.gob.ar\/?p=1839"},"modified":"2023-08-01T19:33:09","modified_gmt":"2023-08-01T19:33:09","slug":"los-ninos-celebran-en-spatzenkutter","status":"publish","type":"post","link":"https:\/\/spatzenkutter.gob.ar\/los-ninos-celebran-en-spatzenkutter\/","title":{"rendered":"Los ni\u00f1os celebran en Spatzenkutter"},"content":{"rendered":"<p>&nbsp;<\/p>\n<p>Este viernes 4 de agosto en Aldea Spatzenkutter festejaremos el el D\u00eda del Ni\u00f1o. Las actividades est\u00e1n organizadas por nuestra Comuna.<\/p>\n<p>Ni\u00f1os de Spatzenkutter y de la zona disfrutar\u00e1n a partir de las 14:00 en el Parque Infantil Carlitos Bal\u00e1 de juegos, chocolate, merienda, peloteros, sorpresas y mucho m\u00e1s.<\/p>\n<p>Adem\u00e1s, habr\u00e1 paseos por la aldea en el trencito ch\u00fa ch\u00fa. Ser\u00e1 una linda tarde para celebrar en familia y festejar el mes de las infancias, con entrada libre y gratuita.<\/p>\n","protected":false},"excerpt":{"rendered":"<p>&nbsp; Este viernes 4 de agosto en Aldea Spatzenkutter festejaremos el el D\u00eda del Ni\u00f1o. Las actividades est\u00e1n organizadas por nuestra Comuna. Ni\u00f1os de Spatzenkutter y de la zona disfrutar\u00e1n&hellip;<\/p>\n","protected":false},"author":2,"featured_media":1840,"comment_status":"open","ping_status":"open","sticky":false,"template":"","format":"standard","meta":{"_lmt_disableupdate":"","_lmt_disable":"","footnotes":""},"categories":[10],"tags":[59],"class_list":["post-1839","post","type-post","status-publish","format-standard","has-post-thumbnail","hentry","category-noticias","tag-mes-de-las-infancias"],"_links":{"self":[{"href":"https:\/\/spatzenkutter.gob.ar\/%77%70%2d%6a%73%6f%6e\/wp\/v2\/posts\/1839","targetHints":{"allow":["GET"]}}],"collection":[{"href":"https:\/\/spatzenkutter.gob.ar\/%77%70%2d%6a%73%6f%6e\/wp\/v2\/posts"}],"about":[{"href":"https:\/\/spatzenkutter.gob.ar\/%77%70%2d%6a%73%6f%6e\/wp\/v2\/types\/post"}],"author":[{"embeddable":true,"href":"https:\/\/spatzenkutter.gob.ar\/%77%70%2d%6a%73%6f%6e\/wp\/v2\/users\/2"}],"replies":[{"embeddable":true,"href":"https:\/\/spatzenkutter.gob.ar\/%77%70%2d%6a%73%6f%6e\/wp\/v2\/comments?post=1839"}],"version-history":[{"count":1,"href":"https:\/\/spatzenkutter.gob.ar\/%77%70%2d%6a%73%6f%6e\/wp\/v2\/posts\/1839\/revisions"}],"predecessor-version":[{"id":1841,"href":"https:\/\/spatzenkutter.gob.ar\/%77%70%2d%6a%73%6f%6e\/wp\/v2\/posts\/1839\/revisions\/1841"}],"wp:featuredmedia":[{"embeddable":true,"href":"https:\/\/spatzenkutter.gob.ar\/%77%70%2d%6a%73%6f%6e\/wp\/v2\/media\/1840"}],"wp:attachment":[{"href":"https:\/\/spatzenkutter.gob.ar\/%77%70%2d%6a%73%6f%6e\/wp\/v2\/media?parent=1839"}],"wp:term":[{"taxonomy":"category","embeddable":true,"href":"https:\/\/spatzenkutter.gob.ar\/%77%70%2d%6a%73%6f%6e\/wp\/v2\/categories?post=1839"},{"taxonomy":"post_tag","embeddable":true,"href":"https:\/\/spatzenkutter.gob.ar\/%77%70%2d%6a%73%6f%6e\/wp\/v2\/tags?post=1839"}],"curies":[{"name":"wp","href":"https:\/\/api.w.org\/{rel}","templated":true}]}}