{"id":1842,"date":"2023-08-02T15:03:02","date_gmt":"2023-08-02T15:03:02","guid":{"rendered":"https:\/\/spatzenkutter.gob.ar\/?p=1842"},"modified":"2023-08-02T15:03:02","modified_gmt":"2023-08-02T15:03:02","slug":"preparativos-para-la-muestra-urquiza-la-reconstruccion-de-su-rostro","status":"publish","type":"post","link":"https:\/\/spatzenkutter.gob.ar\/preparativos-para-la-muestra-urquiza-la-reconstruccion-de-su-rostro\/","title":{"rendered":"Preparativos para la muestra Urquiza, la reconstrucci\u00f3n de su rostro"},"content":{"rendered":"<p>La Presidenta de la Fundaci\u00f3n IAPSER Mariel \u00c1vila y nuestro Presidente Comunal Juan Lell estuvieron en la presentaci\u00f3n de la Muestra Urquiza, la reconstrucci\u00f3n de su rostro, realizada por el artista Ramiro Ghigliazza e impulsada por la Fundaci\u00f3n, que se realiz\u00f3 en el Museo Nuestras Ra\u00edces Alemanas.<\/p>\n<p>En relaci\u00f3n a la muestra y a la tarea de elaboraci\u00f3n de las obras sobre Urquiza, el Presidente Comunal resalt\u00f3 \u00abLa importancia del rol de este Pr\u00f3cer en la inmigraci\u00f3n para los primeros pueblos agr\u00edcolas entrerrianos, abriendo bases en ese entonces a un futuro para nuestros abuelos inmigrantes\u201d.<\/p>\n<p>Vale recordar que este viernes 4 de agosto a las 19:30 se inaugurar\u00e1 la Muestra. Ghigliazza, quien ya reconstruy\u00f3 el rostro de San Mart\u00edn, hizo lo propio con la imagen del caudillo entrerriano.<\/p>\n<p>La muestra estar\u00e1 expuesta todo el mes de agosto. La Fundaci\u00f3n Iapser y la Comuna de Aldea Spatzenkutter invitan a recorrer la muestra que podr\u00e1 visitarse en el Museo.<\/p>\n<p>A su vez, a partir de la hora 20:00, se brindar\u00e1 la Charla \u201cUrquiza su obra, su legado\u201d, con el profesor Gast\u00f3n Buet, quien se ha dedicado a la historia argentina, profundizando, en la vida y obra del General Justo Jos\u00e9 de Urquiza\u201d.<\/p>\n<p>Buet forma parte, junto a vecinos de Rocamora, Rosario del Tala y Basavilbaso, de la Asociaci\u00f3n de Amigos del Campamento Cal\u00e1, con el objetivo de rescatar ese lugar hist\u00f3rico y de riqueza natural.<\/p>\n<p>Ambas actividades son con entrada libre y gratuita para todo p\u00fablico.<\/p>\n","protected":false},"excerpt":{"rendered":"<p>La Presidenta de la Fundaci\u00f3n IAPSER Mariel \u00c1vila y nuestro Presidente Comunal Juan Lell estuvieron en la presentaci\u00f3n de la Muestra Urquiza, la reconstrucci\u00f3n de su rostro, realizada por el&hellip;<\/p>\n","protected":false},"author":2,"featured_media":1843,"comment_status":"open","ping_status":"open","sticky":false,"template":"","format":"standard","meta":{"_lmt_disableupdate":"","_lmt_disable":"","footnotes":""},"categories":[10],"tags":[],"class_list":["post-1842","post","type-post","status-publish","format-standard","has-post-thumbnail","hentry","category-noticias"],"_links":{"self":[{"href":"https:\/\/spatzenkutter.gob.ar\/%77%70%2d%6a%73%6f%6e\/wp\/v2\/posts\/1842","targetHints":{"allow":["GET"]}}],"collection":[{"href":"https:\/\/spatzenkutter.gob.ar\/%77%70%2d%6a%73%6f%6e\/wp\/v2\/posts"}],"about":[{"href":"https:\/\/spatzenkutter.gob.ar\/%77%70%2d%6a%73%6f%6e\/wp\/v2\/types\/post"}],"author":[{"embeddable":true,"href":"https:\/\/spatzenkutter.gob.ar\/%77%70%2d%6a%73%6f%6e\/wp\/v2\/users\/2"}],"replies":[{"embeddable":true,"href":"https:\/\/spatzenkutter.gob.ar\/%77%70%2d%6a%73%6f%6e\/wp\/v2\/comments?post=1842"}],"version-history":[{"count":1,"href":"https:\/\/spatzenkutter.gob.ar\/%77%70%2d%6a%73%6f%6e\/wp\/v2\/posts\/1842\/revisions"}],"predecessor-version":[{"id":1844,"href":"https:\/\/spatzenkutter.gob.ar\/%77%70%2d%6a%73%6f%6e\/wp\/v2\/posts\/1842\/revisions\/1844"}],"wp:featuredmedia":[{"embeddable":true,"href":"https:\/\/spatzenkutter.gob.ar\/%77%70%2d%6a%73%6f%6e\/wp\/v2\/media\/1843"}],"wp:attachment":[{"href":"https:\/\/spatzenkutter.gob.ar\/%77%70%2d%6a%73%6f%6e\/wp\/v2\/media?parent=1842"}],"wp:term":[{"taxonomy":"category","embeddable":true,"href":"https:\/\/spatzenkutter.gob.ar\/%77%70%2d%6a%73%6f%6e\/wp\/v2\/categories?post=1842"},{"taxonomy":"post_tag","embeddable":true,"href":"https:\/\/spatzenkutter.gob.ar\/%77%70%2d%6a%73%6f%6e\/wp\/v2\/tags?post=1842"}],"curies":[{"name":"wp","href":"https:\/\/api.w.org\/{rel}","templated":true}]}}