{"id":1846,"date":"2023-08-16T14:16:33","date_gmt":"2023-08-16T14:16:33","guid":{"rendered":"https:\/\/spatzenkutter.gob.ar\/?p=1846"},"modified":"2023-08-16T14:16:33","modified_gmt":"2023-08-16T14:16:33","slug":"gestiones-por-un-destacamento-policial-para-spatzenkutter","status":"publish","type":"post","link":"https:\/\/spatzenkutter.gob.ar\/gestiones-por-un-destacamento-policial-para-spatzenkutter\/","title":{"rendered":"Gestiones por un Destacamento Policial para Spatzenkutter"},"content":{"rendered":"<p>Abordaron como tema principal la posibilidad de considerar la instalaci\u00f3n de un Destacamento Policial en Aldea Spatzenkutter.<\/p>\n<p>\u201cCon un profundo estudio del incremento demogr\u00e1fico y el de circulaci\u00f3n de personas que de manera circunstancial la recorren por motivos de trabajo, servicios, turismo, etc., y a ra\u00edz de ese mismo incremento, y habiendo obtenido informaci\u00f3n hist\u00f3rica y de cada una de las zonas de influencia, se trat\u00f3 dicho petitorio. Es un anhelo contar con un Destacamento Policial en Spatzenkutter, mediante un proyecto de resoluci\u00f3n y de acuerdo a la materia de seguridad. Lo vemos necesario, contar con un buen control policial que asegure la protecci\u00f3n de la zona, nuestros vecinos y la paz social. Vimos necesaria que nuestra petici\u00f3n fuera escuchada y as\u00ed poder comenzar a hacer frente a los nuevos desaf\u00edos en forma conjunta para mantener nuestra calidad de vida y seguridad. Agradecemos el buen gesto y la importancia del el Crio. General Gustavo Maslein, que le dio importancia a nuestra gesti\u00f3n\u201d, indic\u00f3 el jefe comunal, Juan Lell.<\/p>\n","protected":false},"excerpt":{"rendered":"<p>Abordaron como tema principal la posibilidad de considerar la instalaci\u00f3n de un Destacamento Policial en Aldea Spatzenkutter. \u201cCon un profundo estudio del incremento demogr\u00e1fico y el de circulaci\u00f3n de personas&hellip;<\/p>\n","protected":false},"author":2,"featured_media":1847,"comment_status":"open","ping_status":"open","sticky":false,"template":"","format":"standard","meta":{"_lmt_disableupdate":"","_lmt_disable":"","footnotes":""},"categories":[10],"tags":[60],"class_list":["post-1846","post","type-post","status-publish","format-standard","has-post-thumbnail","hentry","category-noticias","tag-seguridad"],"_links":{"self":[{"href":"https:\/\/spatzenkutter.gob.ar\/%77%70%2d%6a%73%6f%6e\/wp\/v2\/posts\/1846","targetHints":{"allow":["GET"]}}],"collection":[{"href":"https:\/\/spatzenkutter.gob.ar\/%77%70%2d%6a%73%6f%6e\/wp\/v2\/posts"}],"about":[{"href":"https:\/\/spatzenkutter.gob.ar\/%77%70%2d%6a%73%6f%6e\/wp\/v2\/types\/post"}],"author":[{"embeddable":true,"href":"https:\/\/spatzenkutter.gob.ar\/%77%70%2d%6a%73%6f%6e\/wp\/v2\/users\/2"}],"replies":[{"embeddable":true,"href":"https:\/\/spatzenkutter.gob.ar\/%77%70%2d%6a%73%6f%6e\/wp\/v2\/comments?post=1846"}],"version-history":[{"count":1,"href":"https:\/\/spatzenkutter.gob.ar\/%77%70%2d%6a%73%6f%6e\/wp\/v2\/posts\/1846\/revisions"}],"predecessor-version":[{"id":1848,"href":"https:\/\/spatzenkutter.gob.ar\/%77%70%2d%6a%73%6f%6e\/wp\/v2\/posts\/1846\/revisions\/1848"}],"wp:featuredmedia":[{"embeddable":true,"href":"https:\/\/spatzenkutter.gob.ar\/%77%70%2d%6a%73%6f%6e\/wp\/v2\/media\/1847"}],"wp:attachment":[{"href":"https:\/\/spatzenkutter.gob.ar\/%77%70%2d%6a%73%6f%6e\/wp\/v2\/media?parent=1846"}],"wp:term":[{"taxonomy":"category","embeddable":true,"href":"https:\/\/spatzenkutter.gob.ar\/%77%70%2d%6a%73%6f%6e\/wp\/v2\/categories?post=1846"},{"taxonomy":"post_tag","embeddable":true,"href":"https:\/\/spatzenkutter.gob.ar\/%77%70%2d%6a%73%6f%6e\/wp\/v2\/tags?post=1846"}],"curies":[{"name":"wp","href":"https:\/\/api.w.org\/{rel}","templated":true}]}}