{"id":1861,"date":"2023-08-25T14:37:53","date_gmt":"2023-08-25T14:37:53","guid":{"rendered":"https:\/\/spatzenkutter.gob.ar\/?p=1861"},"modified":"2023-08-25T14:37:53","modified_gmt":"2023-08-25T14:37:53","slug":"mejoras-en-calle-campo-maria-y-ejecucion-de-darsenas-sobre-ruta-prov-no-11","status":"publish","type":"post","link":"https:\/\/spatzenkutter.gob.ar\/mejoras-en-calle-campo-maria-y-ejecucion-de-darsenas-sobre-ruta-prov-no-11\/","title":{"rendered":"Mejoras en calle Campo Mar\u00eda y ejecuci\u00f3n de d\u00e1rsenas sobre Ruta Prov. N\u00ba 11"},"content":{"rendered":"<p>A trav\u00e9s del Decreto N\u00ba 024\/2023 el Ejecutivo dispuso el llamado a Licitaci\u00f3n P\u00fablica N\u00ba 03\/2023 para la realizaci\u00f3n de la obra \u201cMejora en la trama vial, calle Campo Mar\u00eda, y ejecuci\u00f3n de d\u00e1rsenas sobre Ruta Prov. N\u00ba 11 en Aldea Spatzenkutter\u201d, seg\u00fan especificaciones detalladas en el pliego de bases y condiciones generales y particulares que se puede encontrar en el sitio web de la Comuna, que es www.spatzenkutter.gob.ar<\/p>\n<p>Vale remarcar que la Ordenanza N\u00b0 060\/2023 fue aprobada por el Consejo Comunal el 18 de agosto de 2023, facultando al Ejecutivo a realizar todo tr\u00e1mite y acto administrativo pertinente para la contrataci\u00f3n, ejecuci\u00f3n y cancelaci\u00f3n de acreencias que emanen del trabajo y obras de la Licitaci\u00f3n.<\/p>\n<p>El presupuesto oficial es de $73.251.240 y el pliego tendr\u00e1 un costo de $10.000. La apertura de sobres se anuncia para el 19 de septiembre a las 8.00.<\/p>\n<p>Los pliegos se podr\u00e1n adquirir en la Comuna de Aldea Spatzenkutter, calle Avenida Alemanes del Volga N\u00b0: 382, de lunes a viernes DE 8.00 a 13.00<\/p>\n<p>Correo electr\u00f3nico: comunaspatzenkutter@gmail.com\u00a0\u00a0 Tel.:0343-4058996<\/p>\n","protected":false},"excerpt":{"rendered":"<p>A trav\u00e9s del Decreto N\u00ba 024\/2023 el Ejecutivo dispuso el llamado a Licitaci\u00f3n P\u00fablica N\u00ba 03\/2023 para la realizaci\u00f3n de la obra \u201cMejora en la trama vial, calle Campo Mar\u00eda,&hellip;<\/p>\n","protected":false},"author":2,"featured_media":1862,"comment_status":"open","ping_status":"open","sticky":false,"template":"","format":"standard","meta":{"_lmt_disableupdate":"","_lmt_disable":"","footnotes":""},"categories":[10],"tags":[40],"class_list":["post-1861","post","type-post","status-publish","format-standard","has-post-thumbnail","hentry","category-noticias","tag-spatzenkutter"],"_links":{"self":[{"href":"https:\/\/spatzenkutter.gob.ar\/%77%70%2d%6a%73%6f%6e\/wp\/v2\/posts\/1861","targetHints":{"allow":["GET"]}}],"collection":[{"href":"https:\/\/spatzenkutter.gob.ar\/%77%70%2d%6a%73%6f%6e\/wp\/v2\/posts"}],"about":[{"href":"https:\/\/spatzenkutter.gob.ar\/%77%70%2d%6a%73%6f%6e\/wp\/v2\/types\/post"}],"author":[{"embeddable":true,"href":"https:\/\/spatzenkutter.gob.ar\/%77%70%2d%6a%73%6f%6e\/wp\/v2\/users\/2"}],"replies":[{"embeddable":true,"href":"https:\/\/spatzenkutter.gob.ar\/%77%70%2d%6a%73%6f%6e\/wp\/v2\/comments?post=1861"}],"version-history":[{"count":1,"href":"https:\/\/spatzenkutter.gob.ar\/%77%70%2d%6a%73%6f%6e\/wp\/v2\/posts\/1861\/revisions"}],"predecessor-version":[{"id":1863,"href":"https:\/\/spatzenkutter.gob.ar\/%77%70%2d%6a%73%6f%6e\/wp\/v2\/posts\/1861\/revisions\/1863"}],"wp:featuredmedia":[{"embeddable":true,"href":"https:\/\/spatzenkutter.gob.ar\/%77%70%2d%6a%73%6f%6e\/wp\/v2\/media\/1862"}],"wp:attachment":[{"href":"https:\/\/spatzenkutter.gob.ar\/%77%70%2d%6a%73%6f%6e\/wp\/v2\/media?parent=1861"}],"wp:term":[{"taxonomy":"category","embeddable":true,"href":"https:\/\/spatzenkutter.gob.ar\/%77%70%2d%6a%73%6f%6e\/wp\/v2\/categories?post=1861"},{"taxonomy":"post_tag","embeddable":true,"href":"https:\/\/spatzenkutter.gob.ar\/%77%70%2d%6a%73%6f%6e\/wp\/v2\/tags?post=1861"}],"curies":[{"name":"wp","href":"https:\/\/api.w.org\/{rel}","templated":true}]}}