{"id":1876,"date":"2023-09-06T15:04:47","date_gmt":"2023-09-06T15:04:47","guid":{"rendered":"https:\/\/spatzenkutter.gob.ar\/?p=1876"},"modified":"2023-09-06T15:04:47","modified_gmt":"2023-09-06T15:04:47","slug":"visita-al-museo-una-mirada-diferente-para-los-ninos-de-las-escuelas","status":"publish","type":"post","link":"https:\/\/spatzenkutter.gob.ar\/visita-al-museo-una-mirada-diferente-para-los-ninos-de-las-escuelas\/","title":{"rendered":"Visita al Museo, una mirada diferente para los ni\u00f1os de las escuelas"},"content":{"rendered":"<p>Los d\u00edas lunes y martes 4 y 5 de septiembre, ni\u00f1os de las Escuelas N\u00ba 30 \u201cLa Concordia\u201d y la N\u00ba 52 \u201cCapit\u00e1n de Nav\u00edo F\u00e9lix Dufourq\u201d de Diamante visitaron la Muestra y Exposici\u00f3n reconstructiva sobre la imagen de Justo Jos\u00e9 de Urquiza expuesta en el Museo Regional \u201cNuestras Ra\u00edces Alemanas\u201d.<\/p>\n<p>Los alumnos de estas escuelas primarias dieron cierre as\u00ed a la propuesta cultural de la Comuna, jerarquizando la magnitud e invit\u00e1ndonos a viajar tambi\u00e9n por la historia entrerriana.<\/p>\n<p>Desde la Comuna de Aldea Spatzenkutter agradecen a la Presidenta de la Fundaci\u00f3n IAPSER, Mariel \u00c1vila de Bordet, por conceder el pedido; y felicitan por su compromiso constante con la cultura e identidad de los entrerrianos.<\/p>\n","protected":false},"excerpt":{"rendered":"<p>Los d\u00edas lunes y martes 4 y 5 de septiembre, ni\u00f1os de las Escuelas N\u00ba 30 \u201cLa Concordia\u201d y la N\u00ba 52 \u201cCapit\u00e1n de Nav\u00edo F\u00e9lix Dufourq\u201d de Diamante visitaron&hellip;<\/p>\n","protected":false},"author":2,"featured_media":1877,"comment_status":"open","ping_status":"open","sticky":false,"template":"","format":"standard","meta":{"_lmt_disableupdate":"","_lmt_disable":"","footnotes":""},"categories":[10],"tags":[40],"class_list":["post-1876","post","type-post","status-publish","format-standard","has-post-thumbnail","hentry","category-noticias","tag-spatzenkutter"],"_links":{"self":[{"href":"https:\/\/spatzenkutter.gob.ar\/%77%70%2d%6a%73%6f%6e\/wp\/v2\/posts\/1876","targetHints":{"allow":["GET"]}}],"collection":[{"href":"https:\/\/spatzenkutter.gob.ar\/%77%70%2d%6a%73%6f%6e\/wp\/v2\/posts"}],"about":[{"href":"https:\/\/spatzenkutter.gob.ar\/%77%70%2d%6a%73%6f%6e\/wp\/v2\/types\/post"}],"author":[{"embeddable":true,"href":"https:\/\/spatzenkutter.gob.ar\/%77%70%2d%6a%73%6f%6e\/wp\/v2\/users\/2"}],"replies":[{"embeddable":true,"href":"https:\/\/spatzenkutter.gob.ar\/%77%70%2d%6a%73%6f%6e\/wp\/v2\/comments?post=1876"}],"version-history":[{"count":1,"href":"https:\/\/spatzenkutter.gob.ar\/%77%70%2d%6a%73%6f%6e\/wp\/v2\/posts\/1876\/revisions"}],"predecessor-version":[{"id":1878,"href":"https:\/\/spatzenkutter.gob.ar\/%77%70%2d%6a%73%6f%6e\/wp\/v2\/posts\/1876\/revisions\/1878"}],"wp:featuredmedia":[{"embeddable":true,"href":"https:\/\/spatzenkutter.gob.ar\/%77%70%2d%6a%73%6f%6e\/wp\/v2\/media\/1877"}],"wp:attachment":[{"href":"https:\/\/spatzenkutter.gob.ar\/%77%70%2d%6a%73%6f%6e\/wp\/v2\/media?parent=1876"}],"wp:term":[{"taxonomy":"category","embeddable":true,"href":"https:\/\/spatzenkutter.gob.ar\/%77%70%2d%6a%73%6f%6e\/wp\/v2\/categories?post=1876"},{"taxonomy":"post_tag","embeddable":true,"href":"https:\/\/spatzenkutter.gob.ar\/%77%70%2d%6a%73%6f%6e\/wp\/v2\/tags?post=1876"}],"curies":[{"name":"wp","href":"https:\/\/api.w.org\/{rel}","templated":true}]}}