{"id":1880,"date":"2023-09-19T20:31:33","date_gmt":"2023-09-19T20:31:33","guid":{"rendered":"https:\/\/spatzenkutter.gob.ar\/?p=1880"},"modified":"2023-09-19T20:31:33","modified_gmt":"2023-09-19T20:31:33","slug":"salud-y-obras-en-agenda","status":"publish","type":"post","link":"https:\/\/spatzenkutter.gob.ar\/salud-y-obras-en-agenda\/","title":{"rendered":"Salud y obras en agenda"},"content":{"rendered":"<p><strong>Importantes novedades para nuestra comunidad.\u00a0<\/strong><\/p>\n<p>&nbsp;<\/p>\n<p>El presidente de nuestra Comuna Juan Lell se reuni\u00f3 este martes 19 de septiembre con la M\u00e9dica Pediatra Mar\u00eda Beatriz Giqueaux, Matricula 10.561.<\/p>\n<p>Recorrieron el Centro de Salud Maip\u00fa, como paso previo a lo que ser\u00e1 el comienzo de la atenci\u00f3n, a cargo de la profesional, el primer martes de octubre.<\/p>\n<p><img fetchpriority=\"high\" decoding=\"async\" class=\"alignnone size-full wp-image-1882\" src=\"https:\/\/spatzenkutter.gob.ar\/%77%70%2d%63%6f%6e%74%65%6e%74\/uploads\/2023\/09\/379659092_719949596840335_1123021826274016755_n.jpg\" alt=\"\" width=\"720\" height=\"900\" srcset=\"https:\/\/spatzenkutter.gob.ar\/%77%70%2d%63%6f%6e%74%65%6e%74\/uploads\/2023\/09\/379659092_719949596840335_1123021826274016755_n.jpg 720w, https:\/\/spatzenkutter.gob.ar\/%77%70%2d%63%6f%6e%74%65%6e%74\/uploads\/2023\/09\/379659092_719949596840335_1123021826274016755_n-240x300.jpg 240w, https:\/\/spatzenkutter.gob.ar\/%77%70%2d%63%6f%6e%74%65%6e%74\/uploads\/2023\/09\/379659092_719949596840335_1123021826274016755_n-585x731.jpg 585w\" sizes=\"(max-width: 720px) 100vw, 720px\" \/><\/p>\n<p>Por otro lado, se realiz\u00f3 el acto de apertura de sobres correspondiente al pavimento sobre avenida Campo Mar\u00eda, d\u00e1rsenas en Barrio La Loma y Barrio Sur. Esta importante obra fue gestionada por nuestra Comuna en conjunto con la Senadora Provincial Claudia Gieco.<\/p>\n","protected":false},"excerpt":{"rendered":"<p>Importantes novedades para nuestra comunidad.\u00a0 &nbsp; El presidente de nuestra Comuna Juan Lell se reuni\u00f3 este martes 19 de septiembre con la M\u00e9dica Pediatra Mar\u00eda Beatriz Giqueaux, Matricula 10.561. Recorrieron&hellip;<\/p>\n","protected":false},"author":2,"featured_media":1881,"comment_status":"open","ping_status":"open","sticky":false,"template":"","format":"standard","meta":{"_lmt_disableupdate":"","_lmt_disable":"","footnotes":""},"categories":[10],"tags":[35],"class_list":["post-1880","post","type-post","status-publish","format-standard","has-post-thumbnail","hentry","category-noticias","tag-salud"],"_links":{"self":[{"href":"https:\/\/spatzenkutter.gob.ar\/%77%70%2d%6a%73%6f%6e\/wp\/v2\/posts\/1880","targetHints":{"allow":["GET"]}}],"collection":[{"href":"https:\/\/spatzenkutter.gob.ar\/%77%70%2d%6a%73%6f%6e\/wp\/v2\/posts"}],"about":[{"href":"https:\/\/spatzenkutter.gob.ar\/%77%70%2d%6a%73%6f%6e\/wp\/v2\/types\/post"}],"author":[{"embeddable":true,"href":"https:\/\/spatzenkutter.gob.ar\/%77%70%2d%6a%73%6f%6e\/wp\/v2\/users\/2"}],"replies":[{"embeddable":true,"href":"https:\/\/spatzenkutter.gob.ar\/%77%70%2d%6a%73%6f%6e\/wp\/v2\/comments?post=1880"}],"version-history":[{"count":1,"href":"https:\/\/spatzenkutter.gob.ar\/%77%70%2d%6a%73%6f%6e\/wp\/v2\/posts\/1880\/revisions"}],"predecessor-version":[{"id":1883,"href":"https:\/\/spatzenkutter.gob.ar\/%77%70%2d%6a%73%6f%6e\/wp\/v2\/posts\/1880\/revisions\/1883"}],"wp:featuredmedia":[{"embeddable":true,"href":"https:\/\/spatzenkutter.gob.ar\/%77%70%2d%6a%73%6f%6e\/wp\/v2\/media\/1881"}],"wp:attachment":[{"href":"https:\/\/spatzenkutter.gob.ar\/%77%70%2d%6a%73%6f%6e\/wp\/v2\/media?parent=1880"}],"wp:term":[{"taxonomy":"category","embeddable":true,"href":"https:\/\/spatzenkutter.gob.ar\/%77%70%2d%6a%73%6f%6e\/wp\/v2\/categories?post=1880"},{"taxonomy":"post_tag","embeddable":true,"href":"https:\/\/spatzenkutter.gob.ar\/%77%70%2d%6a%73%6f%6e\/wp\/v2\/tags?post=1880"}],"curies":[{"name":"wp","href":"https:\/\/api.w.org\/{rel}","templated":true}]}}