{"id":1886,"date":"2023-10-10T22:17:48","date_gmt":"2023-10-10T22:17:48","guid":{"rendered":"https:\/\/spatzenkutter.gob.ar\/?p=1886"},"modified":"2023-10-10T22:19:47","modified_gmt":"2023-10-10T22:19:47","slug":"vamos-por-un-nuevo-centro-de-salud","status":"publish","type":"post","link":"https:\/\/spatzenkutter.gob.ar\/vamos-por-un-nuevo-centro-de-salud\/","title":{"rendered":"Vamos por un nuevo Centro de Salud"},"content":{"rendered":"<p>El martes 10 de octubre visit\u00f3 nuestra localidad la Ministra de Salud de la Provincia, Sonia Vel\u00e1zquez, acompa\u00f1ada por la Senadora Claudia Gieco. Junto al presidente de nuestra Comuna, Juan Lell, recorrieron el Centro de Salud Maip\u00fa, el primero del Departamento Diamante, construido en el a\u00f1o 1946.<\/p>\n<p>\u201cLa demograf\u00eda de Spatzenkutter est\u00e1 en constante crecimiento, es por eso que se tom\u00f3 el compromiso de ir un nuevo Centro de Salud para la comunidad, incluy\u00e9ndolo en el nuevo presupuesto\u00bb, confirm\u00f3 Lell.<\/p>\n","protected":false},"excerpt":{"rendered":"<p>El martes 10 de octubre visit\u00f3 nuestra localidad la Ministra de Salud de la Provincia, Sonia Vel\u00e1zquez, acompa\u00f1ada por la Senadora Claudia Gieco. Junto al presidente de nuestra Comuna, Juan&hellip;<\/p>\n","protected":false},"author":2,"featured_media":1888,"comment_status":"open","ping_status":"open","sticky":false,"template":"","format":"standard","meta":{"_lmt_disableupdate":"","_lmt_disable":"","footnotes":""},"categories":[10],"tags":[56],"class_list":["post-1886","post","type-post","status-publish","format-standard","has-post-thumbnail","hentry","category-noticias","tag-centro-de-salud"],"_links":{"self":[{"href":"https:\/\/spatzenkutter.gob.ar\/%77%70%2d%6a%73%6f%6e\/wp\/v2\/posts\/1886","targetHints":{"allow":["GET"]}}],"collection":[{"href":"https:\/\/spatzenkutter.gob.ar\/%77%70%2d%6a%73%6f%6e\/wp\/v2\/posts"}],"about":[{"href":"https:\/\/spatzenkutter.gob.ar\/%77%70%2d%6a%73%6f%6e\/wp\/v2\/types\/post"}],"author":[{"embeddable":true,"href":"https:\/\/spatzenkutter.gob.ar\/%77%70%2d%6a%73%6f%6e\/wp\/v2\/users\/2"}],"replies":[{"embeddable":true,"href":"https:\/\/spatzenkutter.gob.ar\/%77%70%2d%6a%73%6f%6e\/wp\/v2\/comments?post=1886"}],"version-history":[{"count":1,"href":"https:\/\/spatzenkutter.gob.ar\/%77%70%2d%6a%73%6f%6e\/wp\/v2\/posts\/1886\/revisions"}],"predecessor-version":[{"id":1887,"href":"https:\/\/spatzenkutter.gob.ar\/%77%70%2d%6a%73%6f%6e\/wp\/v2\/posts\/1886\/revisions\/1887"}],"wp:featuredmedia":[{"embeddable":true,"href":"https:\/\/spatzenkutter.gob.ar\/%77%70%2d%6a%73%6f%6e\/wp\/v2\/media\/1888"}],"wp:attachment":[{"href":"https:\/\/spatzenkutter.gob.ar\/%77%70%2d%6a%73%6f%6e\/wp\/v2\/media?parent=1886"}],"wp:term":[{"taxonomy":"category","embeddable":true,"href":"https:\/\/spatzenkutter.gob.ar\/%77%70%2d%6a%73%6f%6e\/wp\/v2\/categories?post=1886"},{"taxonomy":"post_tag","embeddable":true,"href":"https:\/\/spatzenkutter.gob.ar\/%77%70%2d%6a%73%6f%6e\/wp\/v2\/tags?post=1886"}],"curies":[{"name":"wp","href":"https:\/\/api.w.org\/{rel}","templated":true}]}}