{"id":1896,"date":"2023-10-31T20:37:15","date_gmt":"2023-10-31T20:37:15","guid":{"rendered":"https:\/\/spatzenkutter.gob.ar\/?p=1896"},"modified":"2023-10-31T20:37:15","modified_gmt":"2023-10-31T20:37:15","slug":"nueva-profesional-en-nuestro-centro-de-salud","status":"publish","type":"post","link":"https:\/\/spatzenkutter.gob.ar\/nueva-profesional-en-nuestro-centro-de-salud\/","title":{"rendered":"Nueva profesional en nuestro Centro de Salud"},"content":{"rendered":"<p>Articulando acciones con el Centro de salud Maip\u00fa, el martes 31 de octubre en nuestra Comuna recibimos a la nueva Licenciada en Psicolog\u00eda, Carina Soledad Arce, n\u00famero de Matr\u00edcula Provincial 2853, quien reemplazar\u00e1 en esa tarea a Mar\u00eda Soledad Godoy.<\/p>\n<p>Carina atender\u00e1 todos los viernes a partir de las 13.00, coordin\u00e1ndose los turnos a trav\u00e9s del celular 3434703815.<\/p>\n<p>Agradecemos a Soledad por el afecto, profesionalismo y la empat\u00eda con la que se desempe\u00f1\u00f3 durante el periodo de atenci\u00f3n en nuestro Centro de salud.<\/p>\n","protected":false},"excerpt":{"rendered":"<p>Articulando acciones con el Centro de salud Maip\u00fa, el martes 31 de octubre en nuestra Comuna recibimos a la nueva Licenciada en Psicolog\u00eda, Carina Soledad Arce, n\u00famero de Matr\u00edcula Provincial&hellip;<\/p>\n","protected":false},"author":2,"featured_media":1897,"comment_status":"open","ping_status":"open","sticky":false,"template":"","format":"standard","meta":{"_lmt_disableupdate":"","_lmt_disable":"","footnotes":""},"categories":[10],"tags":[35,40],"class_list":["post-1896","post","type-post","status-publish","format-standard","has-post-thumbnail","hentry","category-noticias","tag-salud","tag-spatzenkutter"],"_links":{"self":[{"href":"https:\/\/spatzenkutter.gob.ar\/%77%70%2d%6a%73%6f%6e\/wp\/v2\/posts\/1896","targetHints":{"allow":["GET"]}}],"collection":[{"href":"https:\/\/spatzenkutter.gob.ar\/%77%70%2d%6a%73%6f%6e\/wp\/v2\/posts"}],"about":[{"href":"https:\/\/spatzenkutter.gob.ar\/%77%70%2d%6a%73%6f%6e\/wp\/v2\/types\/post"}],"author":[{"embeddable":true,"href":"https:\/\/spatzenkutter.gob.ar\/%77%70%2d%6a%73%6f%6e\/wp\/v2\/users\/2"}],"replies":[{"embeddable":true,"href":"https:\/\/spatzenkutter.gob.ar\/%77%70%2d%6a%73%6f%6e\/wp\/v2\/comments?post=1896"}],"version-history":[{"count":1,"href":"https:\/\/spatzenkutter.gob.ar\/%77%70%2d%6a%73%6f%6e\/wp\/v2\/posts\/1896\/revisions"}],"predecessor-version":[{"id":1898,"href":"https:\/\/spatzenkutter.gob.ar\/%77%70%2d%6a%73%6f%6e\/wp\/v2\/posts\/1896\/revisions\/1898"}],"wp:featuredmedia":[{"embeddable":true,"href":"https:\/\/spatzenkutter.gob.ar\/%77%70%2d%6a%73%6f%6e\/wp\/v2\/media\/1897"}],"wp:attachment":[{"href":"https:\/\/spatzenkutter.gob.ar\/%77%70%2d%6a%73%6f%6e\/wp\/v2\/media?parent=1896"}],"wp:term":[{"taxonomy":"category","embeddable":true,"href":"https:\/\/spatzenkutter.gob.ar\/%77%70%2d%6a%73%6f%6e\/wp\/v2\/categories?post=1896"},{"taxonomy":"post_tag","embeddable":true,"href":"https:\/\/spatzenkutter.gob.ar\/%77%70%2d%6a%73%6f%6e\/wp\/v2\/tags?post=1896"}],"curies":[{"name":"wp","href":"https:\/\/api.w.org\/{rel}","templated":true}]}}