{"id":1976,"date":"2023-11-06T19:29:47","date_gmt":"2023-11-06T19:29:47","guid":{"rendered":"https:\/\/spatzenkutter.gob.ar\/?p=1976"},"modified":"2023-11-06T19:29:47","modified_gmt":"2023-11-06T19:29:47","slug":"la-noche-de-los-museos-se-reedita-en-nuestra-aldea","status":"publish","type":"post","link":"https:\/\/spatzenkutter.gob.ar\/la-noche-de-los-museos-se-reedita-en-nuestra-aldea\/","title":{"rendered":"La noche de los museos se reedita en nuestra aldea"},"content":{"rendered":"<p>Abrir\u00e1 sus puertas a partir de las 18.00, y hasta las 23.00, con entrada libre y gratuita. Como en ediciones anteriores, la propuesta invita a valorar el patrimonio cultural, art\u00edstico, cient\u00edfico y patrimonial acompa\u00f1ado de espect\u00e1culos, degustaci\u00f3n de comidas t\u00edpicas y actividades especiales.<\/p>\n<p>En esta oportunidad se podr\u00e1 ver un Museo ambientado para su recorrido, contando con la participaci\u00f3n especial del Grupo de Teatro de la Asociaci\u00f3n Cultural Victoria, que llevar\u00e1 a viajar por nuestras ra\u00edces con la representaci\u00f3n esc\u00e9nica \u201cObjetos que hablan\u201d<\/p>\n<p>\u201cLa Noche de los Museos Entrerrianos\u201d es una iniciativa que propone la Secretaria de Cultura de Entre R\u00edos para generar una v\u00eda privilegiada de enlace entre el p\u00fablico y los bienes culturales y el patrimonio preservado en los Museos.<\/p>\n","protected":false},"excerpt":{"rendered":"<p>Abrir\u00e1 sus puertas a partir de las 18.00, y hasta las 23.00, con entrada libre y gratuita. Como en ediciones anteriores, la propuesta invita a valorar el patrimonio cultural, art\u00edstico,&hellip;<\/p>\n","protected":false},"author":2,"featured_media":1977,"comment_status":"open","ping_status":"open","sticky":false,"template":"","format":"standard","meta":{"_lmt_disableupdate":"","_lmt_disable":"","footnotes":""},"categories":[10],"tags":[40],"class_list":["post-1976","post","type-post","status-publish","format-standard","has-post-thumbnail","hentry","category-noticias","tag-spatzenkutter"],"_links":{"self":[{"href":"https:\/\/spatzenkutter.gob.ar\/%77%70%2d%6a%73%6f%6e\/wp\/v2\/posts\/1976","targetHints":{"allow":["GET"]}}],"collection":[{"href":"https:\/\/spatzenkutter.gob.ar\/%77%70%2d%6a%73%6f%6e\/wp\/v2\/posts"}],"about":[{"href":"https:\/\/spatzenkutter.gob.ar\/%77%70%2d%6a%73%6f%6e\/wp\/v2\/types\/post"}],"author":[{"embeddable":true,"href":"https:\/\/spatzenkutter.gob.ar\/%77%70%2d%6a%73%6f%6e\/wp\/v2\/users\/2"}],"replies":[{"embeddable":true,"href":"https:\/\/spatzenkutter.gob.ar\/%77%70%2d%6a%73%6f%6e\/wp\/v2\/comments?post=1976"}],"version-history":[{"count":1,"href":"https:\/\/spatzenkutter.gob.ar\/%77%70%2d%6a%73%6f%6e\/wp\/v2\/posts\/1976\/revisions"}],"predecessor-version":[{"id":1978,"href":"https:\/\/spatzenkutter.gob.ar\/%77%70%2d%6a%73%6f%6e\/wp\/v2\/posts\/1976\/revisions\/1978"}],"wp:featuredmedia":[{"embeddable":true,"href":"https:\/\/spatzenkutter.gob.ar\/%77%70%2d%6a%73%6f%6e\/wp\/v2\/media\/1977"}],"wp:attachment":[{"href":"https:\/\/spatzenkutter.gob.ar\/%77%70%2d%6a%73%6f%6e\/wp\/v2\/media?parent=1976"}],"wp:term":[{"taxonomy":"category","embeddable":true,"href":"https:\/\/spatzenkutter.gob.ar\/%77%70%2d%6a%73%6f%6e\/wp\/v2\/categories?post=1976"},{"taxonomy":"post_tag","embeddable":true,"href":"https:\/\/spatzenkutter.gob.ar\/%77%70%2d%6a%73%6f%6e\/wp\/v2\/tags?post=1976"}],"curies":[{"name":"wp","href":"https:\/\/api.w.org\/{rel}","templated":true}]}}